{"id":11081,"date":"2024-08-30T16:34:05","date_gmt":"2024-08-30T14:34:05","guid":{"rendered":"https:\/\/visitbuggiano.com\/villa-amalia\/"},"modified":"2024-08-30T16:34:07","modified_gmt":"2024-08-30T14:34:07","slug":"villa-amalia","status":"publish","type":"post","link":"https:\/\/visitbuggiano.com\/de\/villa-amalia\/","title":{"rendered":"Villa Amalia"},"content":{"rendered":"\n<p>Ein Meisterwerk des 18. Jahrhunderts und seine Verwandlung<\/p>\n\n\n\n<p>Die <strong>Villa Amalia<\/strong>, ein elegantes Geb\u00e4ude in Form eines Parallelepipeds, hat eine Geschichte, die bis ins Jahr 1750 zur\u00fcckreicht. Das heutige Erscheinungsbild des Geb\u00e4udes ist jedoch das Ergebnis einer bedeutenden architektonischen und k\u00fcnstlerischen Renovierung in der zweiten H\u00e4lfte des folgenden Jahrhunderts. Diese Renovierung markierte den Moment, in dem die renommierte Familie Franchini die Villa Amalia als ihre Hauptwohnsitz w\u00e4hlte.  <\/p>\n\n\n\n<p>Don Cesare und Don Salvatore Franchini waren in dieser Zeit Vorlehrer des Sohnes von Baron Hermann Kanzler, dem General, der die p\u00e4pstlichen Truppen bei der Verteidigung von Porta Pia gegen den Angriff der Italiener f\u00fchrte. W\u00e4hrend der Sommermonate wohnte General Kanzler in der nahe gelegenen Villa Bellavista in Borgo a Buggiano. In diesem Kontext schufen die beiden Franchini eine wertvolle Bibliothek, die sp\u00e4ter nach Villa Amalia verlegt und dort neu zusammengestellt wurde. Au\u00dferdem wandte sich die Familie Franchini zusammen mit ihrem Bruder Torello und vor allem seinem Sohn Franchino ganz dem liberalen Ideal des Risorgimento zu.   <\/p>\n\n\n\n<p><strong>Die Bedeutung von &#8222;Amalia&#8220;<\/strong><\/p>\n\n\n\n<p>Der Name &#8222;Amalia&#8220; ist von Amalia Arrigoni Franchini inspiriert, die 1992 starb und f\u00fcr die Vereinigung der Familie Franchini mit den renommiertesten Familien des lokalen Adels, einschlie\u00dflich der Magnani, Cecchi und Nuti, verantwortlich war. Es ist zu beachten, dass bereits eine Verwandtschaftsbeziehung mit den Tellini bestand, die Familie wurde sp\u00e4ter ausgel\u00f6scht und verschmolz mit den Franchini. So sehr, dass bereits in den f\u00fcnfziger Jahren des letzten Jahrhunderts in der Villa Amalia die Erinnerungsst\u00fccke von General Enrico Tellini aufbewahrt wurden. Der Tod des letzteren im Jahre 1923 war die Ursache einer schweren internationalen Krise, die zu Mussolinis Angriff auf Korfu f\u00fchrte.   <\/p>\n\n\n\n<p><strong>Eine F\u00fclle von Verbindungen<\/strong><\/p>\n\n\n\n<p>Villa Amalia hat sich weiter bereichert mit Verwandtschaft zu einflussreichen Familien, einschlie\u00dflich derjenigen der neuen republikanischen F\u00fchrungsklasse wie die Zoppi (zum Beispiel Sergio Zoppi) oder den Familien von antiker neapolitanischer Herkunft wie die Acquaviva Coppola (wie durch den Palazzo Acquaviva Coppola hervorgehoben) und die Catemario di Quadri. Diese famili\u00e4ren Verbindungen tragen dazu bei, den komplexen sozio-kulturellen Kontext zu verstehen, der seit langem die Villa Amalia auszeichnet. <\/p>\n\n\n\n<p><strong>Die Kunst von Nicola Torricini<\/strong><\/p>\n\n\n\n<p>Die Au\u00dfen- und Innendekoration der Villa wurde dem renommierten Maler aus Pisa, Nicola Torricini, anvertraut, der unter anderem f\u00fcr die Dekoration des Palazzo Blu in Pisa bekannt ist. Es wird angenommen, dass Torricini einige R\u00e4ume des Hauses pers\u00f6nlich gemalt hat, wie den Saal der Fresken und die sogenannte &#8222;Himmelskammer&#8220;, w\u00e4hrend andere, wie das &#8222;gr\u00fcne Zimmer&#8220;, unter seiner Aufsicht realisiert wurden. Torricini hat auch an der Restaurierung der Fassade der Villa mitgearbeitet, die 2012 k\u00fcrzlich renoviert wurde.  <\/p>\n\n\n\n<p><strong>der verzauberte Garten<\/strong><\/p>\n\n\n\n<p>Der Garten der Villa Amalia ist ein wahres romantisches Meisterwerk, mit einer zentralen Allee, die zum Eingang der Villa f\u00fchrt, umgeben von zwei seitlichen W\u00e4ldern. Der Garten ist mit jahrhundertealten B\u00e4umen, Bambusst\u00e4mmen, Buchsbaumskulpturen und Lorbeerschnitzereien sowie asymmetrischen Blumenbeeten bereichert. Eine wahre Oase der Sch\u00f6nheit und Gelassenheit.  <\/p>\n\n\n\n<p><strong>Die Villa ist einmal im Jahr f\u00fcr die \u00d6ffentlichkeit ge\u00f6ffnet, um die historischen Villen und H\u00e4user zu \u00f6ffnen, die mit der Associazione Dimore Storiche Italiane (A.D.S.I.) verbunden sind, die die Eigent\u00fcmer von historischen Immobilien zusammenbringt, die vom italienischen Staat gesch\u00fctzt werden.<\/strong><\/p>\n\n\n\n<p>Die Er\u00f6ffnung findet in der Regel an einem der letzten Sonntage des Monats Mai statt.<\/p>\n","protected":false},"excerpt":{"rendered":"<p>Ein Meisterwerk des 18. Jahrhunderts und seine Verwandlung Die Villa Amalia, ein elegantes Geb\u00e4ude in Form eines Parallelepipeds, hat eine Geschichte, die bis ins Jahr 1750 zur\u00fcckreicht. Das heutige Erscheinungsbild [&hellip;]<\/p>\n","protected":false},"author":1,"featured_media":10962,"comment_status":"closed","ping_status":"closed","sticky":false,"template":"","format":"standard","meta":{"_acf_changed":false,"footnotes":""},"categories":[115,117],"tags":[],"class_list":["post-11081","post","type-post","status-publish","format-standard","has-post-thumbnail","hentry","category-entdecken-buggiano","category-palaste-und-villen-von-buggiano"],"acf":{"allegati":{"Piantina":false},"attrezzatura":{"scarponi":false,"zaino":false,"bastoncini":false,"abbigliamento":false,"giacca":false},"contatti":{"telefono":"","email":"","sito_web":"","facebook":"","instagram":"","youtube":"","linkedin":"","Pinterest":"","twitter":"","logo":false},"dati_storici":{"inizio costruzione":"","anno di completamento":"","anno_prima_ristrutturazione":"","secondo_anno_di_":"","anno terza ristrutturazione":""},"dati_tecnici":{"architetto":"","finanziatore":"","edificio_precedente":"","Arcidiocesi":"","santo":"","stile architettonico":""},"descrizione":{"numero camere":"","caratteristiche":"","architettura":"","sostenibilita":"","area":""},"Fotografie":{"foto2":{"ID":10977,"id":10977,"title":"IMG_0184","filename":"IMG_0184-1-scaled.jpg","filesize":1228650,"url":"https:\/\/visitbuggiano.com\/wp-content\/uploads\/2024\/08\/IMG_0184-1-scaled.jpg","link":"https:\/\/visitbuggiano.com\/de\/villa-amalia\/img_0184-2-2\/","alt":"","author":"1","description":"","caption":"","name":"img_0184-2-2","status":"inherit","uploaded_to":11081,"date":"2024-08-30 10:02:15","modified":"2024-08-30 14:34:06","menu_order":0,"mime_type":"image\/jpeg","type":"image","subtype":"jpeg","icon":"https:\/\/visitbuggiano.com\/wp-includes\/images\/media\/default.png","width":1920,"height":2560,"sizes":{"thumbnail":"https:\/\/visitbuggiano.com\/wp-content\/uploads\/2024\/08\/IMG_0184-1-150x150.jpg","thumbnail-width":150,"thumbnail-height":150,"medium":"https:\/\/visitbuggiano.com\/wp-content\/uploads\/2024\/08\/IMG_0184-1-225x300.jpg","medium-width":225,"medium-height":300,"medium_large":"https:\/\/visitbuggiano.com\/wp-content\/uploads\/2024\/08\/IMG_0184-1-768x1024.jpg","medium_large-width":768,"medium_large-height":1024,"large":"https:\/\/visitbuggiano.com\/wp-content\/uploads\/2024\/08\/IMG_0184-1-768x1024.jpg","large-width":768,"large-height":1024,"1536x1536":"https:\/\/visitbuggiano.com\/wp-content\/uploads\/2024\/08\/IMG_0184-1-1152x1536.jpg","1536x1536-width":1152,"1536x1536-height":1536,"2048x2048":"https:\/\/visitbuggiano.com\/wp-content\/uploads\/2024\/08\/IMG_0184-1-1536x2048.jpg","2048x2048-width":1536,"2048x2048-height":2048}},"foto3":{"ID":10968,"id":10968,"title":"IMG_0175","filename":"IMG_0175-1-scaled.jpg","filesize":1105079,"url":"https:\/\/visitbuggiano.com\/wp-content\/uploads\/2024\/08\/IMG_0175-1-scaled.jpg","link":"https:\/\/visitbuggiano.com\/de\/villa-amalia\/img_0175-2-2\/","alt":"","author":"1","description":"","caption":"","name":"img_0175-2-2","status":"inherit","uploaded_to":11081,"date":"2024-08-30 10:02:07","modified":"2024-08-30 14:34:06","menu_order":0,"mime_type":"image\/jpeg","type":"image","subtype":"jpeg","icon":"https:\/\/visitbuggiano.com\/wp-includes\/images\/media\/default.png","width":1920,"height":2560,"sizes":{"thumbnail":"https:\/\/visitbuggiano.com\/wp-content\/uploads\/2024\/08\/IMG_0175-1-150x150.jpg","thumbnail-width":150,"thumbnail-height":150,"medium":"https:\/\/visitbuggiano.com\/wp-content\/uploads\/2024\/08\/IMG_0175-1-225x300.jpg","medium-width":225,"medium-height":300,"medium_large":"https:\/\/visitbuggiano.com\/wp-content\/uploads\/2024\/08\/IMG_0175-1-768x1024.jpg","medium_large-width":768,"medium_large-height":1024,"large":"https:\/\/visitbuggiano.com\/wp-content\/uploads\/2024\/08\/IMG_0175-1-768x1024.jpg","large-width":768,"large-height":1024,"1536x1536":"https:\/\/visitbuggiano.com\/wp-content\/uploads\/2024\/08\/IMG_0175-1-1152x1536.jpg","1536x1536-width":1152,"1536x1536-height":1536,"2048x2048":"https:\/\/visitbuggiano.com\/wp-content\/uploads\/2024\/08\/IMG_0175-1-1536x2048.jpg","2048x2048-width":1536,"2048x2048-height":2048}},"foto4":{"ID":10995,"id":10995,"title":"IMG_0227","filename":"IMG_0227-1-scaled.jpg","filesize":685174,"url":"https:\/\/visitbuggiano.com\/wp-content\/uploads\/2024\/08\/IMG_0227-1-scaled.jpg","link":"https:\/\/visitbuggiano.com\/de\/villa-amalia\/img_0227-2-2\/","alt":"","author":"1","description":"","caption":"","name":"img_0227-2-2","status":"inherit","uploaded_to":11081,"date":"2024-08-30 10:02:31","modified":"2024-08-30 14:34:06","menu_order":0,"mime_type":"image\/jpeg","type":"image","subtype":"jpeg","icon":"https:\/\/visitbuggiano.com\/wp-includes\/images\/media\/default.png","width":1920,"height":2560,"sizes":{"thumbnail":"https:\/\/visitbuggiano.com\/wp-content\/uploads\/2024\/08\/IMG_0227-1-150x150.jpg","thumbnail-width":150,"thumbnail-height":150,"medium":"https:\/\/visitbuggiano.com\/wp-content\/uploads\/2024\/08\/IMG_0227-1-225x300.jpg","medium-width":225,"medium-height":300,"medium_large":"https:\/\/visitbuggiano.com\/wp-content\/uploads\/2024\/08\/IMG_0227-1-768x1024.jpg","medium_large-width":768,"medium_large-height":1024,"large":"https:\/\/visitbuggiano.com\/wp-content\/uploads\/2024\/08\/IMG_0227-1-768x1024.jpg","large-width":768,"large-height":1024,"1536x1536":"https:\/\/visitbuggiano.com\/wp-content\/uploads\/2024\/08\/IMG_0227-1-1152x1536.jpg","1536x1536-width":1152,"1536x1536-height":1536,"2048x2048":"https:\/\/visitbuggiano.com\/wp-content\/uploads\/2024\/08\/IMG_0227-1-1536x2048.jpg","2048x2048-width":1536,"2048x2048-height":2048}},"foto5":{"ID":10971,"id":10971,"title":"IMG_0180","filename":"IMG_0180-scaled.jpg","filesize":1360525,"url":"https:\/\/visitbuggiano.com\/wp-content\/uploads\/2024\/08\/IMG_0180-scaled.jpg","link":"https:\/\/visitbuggiano.com\/de\/villa-amalia\/img_0180-2\/","alt":"","author":"1","description":"","caption":"","name":"img_0180-2","status":"inherit","uploaded_to":11081,"date":"2024-08-30 10:02:10","modified":"2024-08-30 14:34:06","menu_order":0,"mime_type":"image\/jpeg","type":"image","subtype":"jpeg","icon":"https:\/\/visitbuggiano.com\/wp-includes\/images\/media\/default.png","width":1920,"height":2560,"sizes":{"thumbnail":"https:\/\/visitbuggiano.com\/wp-content\/uploads\/2024\/08\/IMG_0180-150x150.jpg","thumbnail-width":150,"thumbnail-height":150,"medium":"https:\/\/visitbuggiano.com\/wp-content\/uploads\/2024\/08\/IMG_0180-225x300.jpg","medium-width":225,"medium-height":300,"medium_large":"https:\/\/visitbuggiano.com\/wp-content\/uploads\/2024\/08\/IMG_0180-768x1024.jpg","medium_large-width":768,"medium_large-height":1024,"large":"https:\/\/visitbuggiano.com\/wp-content\/uploads\/2024\/08\/IMG_0180-768x1024.jpg","large-width":768,"large-height":1024,"1536x1536":"https:\/\/visitbuggiano.com\/wp-content\/uploads\/2024\/08\/IMG_0180-1152x1536.jpg","1536x1536-width":1152,"1536x1536-height":1536,"2048x2048":"https:\/\/visitbuggiano.com\/wp-content\/uploads\/2024\/08\/IMG_0180-1536x2048.jpg","2048x2048-width":1536,"2048x2048-height":2048}},"foto6":{"ID":10998,"id":10998,"title":"IMG_0232","filename":"IMG_0232-1-scaled.jpg","filesize":1292732,"url":"https:\/\/visitbuggiano.com\/wp-content\/uploads\/2024\/08\/IMG_0232-1-scaled.jpg","link":"https:\/\/visitbuggiano.com\/de\/villa-amalia\/img_0232-2-2\/","alt":"","author":"1","description":"","caption":"","name":"img_0232-2-2","status":"inherit","uploaded_to":11081,"date":"2024-08-30 10:02:34","modified":"2024-08-30 14:34:06","menu_order":0,"mime_type":"image\/jpeg","type":"image","subtype":"jpeg","icon":"https:\/\/visitbuggiano.com\/wp-includes\/images\/media\/default.png","width":1920,"height":2560,"sizes":{"thumbnail":"https:\/\/visitbuggiano.com\/wp-content\/uploads\/2024\/08\/IMG_0232-1-150x150.jpg","thumbnail-width":150,"thumbnail-height":150,"medium":"https:\/\/visitbuggiano.com\/wp-content\/uploads\/2024\/08\/IMG_0232-1-225x300.jpg","medium-width":225,"medium-height":300,"medium_large":"https:\/\/visitbuggiano.com\/wp-content\/uploads\/2024\/08\/IMG_0232-1-768x1024.jpg","medium_large-width":768,"medium_large-height":1024,"large":"https:\/\/visitbuggiano.com\/wp-content\/uploads\/2024\/08\/IMG_0232-1-768x1024.jpg","large-width":768,"large-height":1024,"1536x1536":"https:\/\/visitbuggiano.com\/wp-content\/uploads\/2024\/08\/IMG_0232-1-1152x1536.jpg","1536x1536-width":1152,"1536x1536-height":1536,"2048x2048":"https:\/\/visitbuggiano.com\/wp-content\/uploads\/2024\/08\/IMG_0232-1-1536x2048.jpg","2048x2048-width":1536,"2048x2048-height":2048}},"foto7":{"ID":10986,"id":10986,"title":"IMG_0189","filename":"IMG_0189-scaled.jpg","filesize":1389641,"url":"https:\/\/visitbuggiano.com\/wp-content\/uploads\/2024\/08\/IMG_0189-scaled.jpg","link":"https:\/\/visitbuggiano.com\/de\/villa-amalia\/img_0189-2\/","alt":"","author":"1","description":"","caption":"","name":"img_0189-2","status":"inherit","uploaded_to":11081,"date":"2024-08-30 10:02:23","modified":"2024-08-30 14:34:06","menu_order":0,"mime_type":"image\/jpeg","type":"image","subtype":"jpeg","icon":"https:\/\/visitbuggiano.com\/wp-includes\/images\/media\/default.png","width":1920,"height":2560,"sizes":{"thumbnail":"https:\/\/visitbuggiano.com\/wp-content\/uploads\/2024\/08\/IMG_0189-150x150.jpg","thumbnail-width":150,"thumbnail-height":150,"medium":"https:\/\/visitbuggiano.com\/wp-content\/uploads\/2024\/08\/IMG_0189-225x300.jpg","medium-width":225,"medium-height":300,"medium_large":"https:\/\/visitbuggiano.com\/wp-content\/uploads\/2024\/08\/IMG_0189-768x1024.jpg","medium_large-width":768,"medium_large-height":1024,"large":"https:\/\/visitbuggiano.com\/wp-content\/uploads\/2024\/08\/IMG_0189-768x1024.jpg","large-width":768,"large-height":1024,"1536x1536":"https:\/\/visitbuggiano.com\/wp-content\/uploads\/2024\/08\/IMG_0189-1152x1536.jpg","1536x1536-width":1152,"1536x1536-height":1536,"2048x2048":"https:\/\/visitbuggiano.com\/wp-content\/uploads\/2024\/08\/IMG_0189-1536x2048.jpg","2048x2048-width":1536,"2048x2048-height":2048}},"foto8":{"ID":10992,"id":10992,"title":"IMG_0224","filename":"IMG_0224-scaled.jpg","filesize":921582,"url":"https:\/\/visitbuggiano.com\/wp-content\/uploads\/2024\/08\/IMG_0224-scaled.jpg","link":"https:\/\/visitbuggiano.com\/de\/villa-amalia\/img_0224-2\/","alt":"","author":"1","description":"","caption":"","name":"img_0224-2","status":"inherit","uploaded_to":11081,"date":"2024-08-30 10:02:28","modified":"2024-08-30 14:34:06","menu_order":0,"mime_type":"image\/jpeg","type":"image","subtype":"jpeg","icon":"https:\/\/visitbuggiano.com\/wp-includes\/images\/media\/default.png","width":1920,"height":2560,"sizes":{"thumbnail":"https:\/\/visitbuggiano.com\/wp-content\/uploads\/2024\/08\/IMG_0224-150x150.jpg","thumbnail-width":150,"thumbnail-height":150,"medium":"https:\/\/visitbuggiano.com\/wp-content\/uploads\/2024\/08\/IMG_0224-225x300.jpg","medium-width":225,"medium-height":300,"medium_large":"https:\/\/visitbuggiano.com\/wp-content\/uploads\/2024\/08\/IMG_0224-768x1024.jpg","medium_large-width":768,"medium_large-height":1024,"large":"https:\/\/visitbuggiano.com\/wp-content\/uploads\/2024\/08\/IMG_0224-768x1024.jpg","large-width":768,"large-height":1024,"1536x1536":"https:\/\/visitbuggiano.com\/wp-content\/uploads\/2024\/08\/IMG_0224-1152x1536.jpg","1536x1536-width":1152,"1536x1536-height":1536,"2048x2048":"https:\/\/visitbuggiano.com\/wp-content\/uploads\/2024\/08\/IMG_0224-1536x2048.jpg","2048x2048-width":1536,"2048x2048-height":2048}}},"galleria":{"galleria1":{"ID":10965,"id":10965,"title":"IMG_0173","filename":"IMG_0173-1-scaled.jpg","filesize":1504996,"url":"https:\/\/visitbuggiano.com\/wp-content\/uploads\/2024\/08\/IMG_0173-1-scaled.jpg","link":"https:\/\/visitbuggiano.com\/de\/villa-amalia\/img_0173-2-2\/","alt":"","author":"1","description":"","caption":"","name":"img_0173-2-2","status":"inherit","uploaded_to":11081,"date":"2024-08-30 10:02:04","modified":"2024-08-30 14:34:06","menu_order":0,"mime_type":"image\/jpeg","type":"image","subtype":"jpeg","icon":"https:\/\/visitbuggiano.com\/wp-includes\/images\/media\/default.png","width":1920,"height":2560,"sizes":{"thumbnail":"https:\/\/visitbuggiano.com\/wp-content\/uploads\/2024\/08\/IMG_0173-1-150x150.jpg","thumbnail-width":150,"thumbnail-height":150,"medium":"https:\/\/visitbuggiano.com\/wp-content\/uploads\/2024\/08\/IMG_0173-1-225x300.jpg","medium-width":225,"medium-height":300,"medium_large":"https:\/\/visitbuggiano.com\/wp-content\/uploads\/2024\/08\/IMG_0173-1-768x1024.jpg","medium_large-width":768,"medium_large-height":1024,"large":"https:\/\/visitbuggiano.com\/wp-content\/uploads\/2024\/08\/IMG_0173-1-768x1024.jpg","large-width":768,"large-height":1024,"1536x1536":"https:\/\/visitbuggiano.com\/wp-content\/uploads\/2024\/08\/IMG_0173-1-1152x1536.jpg","1536x1536-width":1152,"1536x1536-height":1536,"2048x2048":"https:\/\/visitbuggiano.com\/wp-content\/uploads\/2024\/08\/IMG_0173-1-1536x2048.jpg","2048x2048-width":1536,"2048x2048-height":2048}},"galleria2":{"ID":10989,"id":10989,"title":"IMG_0218","filename":"IMG_0218-1-scaled.jpg","filesize":1392142,"url":"https:\/\/visitbuggiano.com\/wp-content\/uploads\/2024\/08\/IMG_0218-1-scaled.jpg","link":"https:\/\/visitbuggiano.com\/de\/villa-amalia\/img_0218-2-2\/","alt":"","author":"1","description":"","caption":"","name":"img_0218-2-2","status":"inherit","uploaded_to":11081,"date":"2024-08-30 10:02:26","modified":"2024-08-30 14:34:06","menu_order":0,"mime_type":"image\/jpeg","type":"image","subtype":"jpeg","icon":"https:\/\/visitbuggiano.com\/wp-includes\/images\/media\/default.png","width":1920,"height":2560,"sizes":{"thumbnail":"https:\/\/visitbuggiano.com\/wp-content\/uploads\/2024\/08\/IMG_0218-1-150x150.jpg","thumbnail-width":150,"thumbnail-height":150,"medium":"https:\/\/visitbuggiano.com\/wp-content\/uploads\/2024\/08\/IMG_0218-1-225x300.jpg","medium-width":225,"medium-height":300,"medium_large":"https:\/\/visitbuggiano.com\/wp-content\/uploads\/2024\/08\/IMG_0218-1-768x1024.jpg","medium_large-width":768,"medium_large-height":1024,"large":"https:\/\/visitbuggiano.com\/wp-content\/uploads\/2024\/08\/IMG_0218-1-768x1024.jpg","large-width":768,"large-height":1024,"1536x1536":"https:\/\/visitbuggiano.com\/wp-content\/uploads\/2024\/08\/IMG_0218-1-1152x1536.jpg","1536x1536-width":1152,"1536x1536-height":1536,"2048x2048":"https:\/\/visitbuggiano.com\/wp-content\/uploads\/2024\/08\/IMG_0218-1-1536x2048.jpg","2048x2048-width":1536,"2048x2048-height":2048}},"galleria3":{"ID":10983,"id":10983,"title":"IMG_0186","filename":"IMG_0186-scaled.jpg","filesize":1068904,"url":"https:\/\/visitbuggiano.com\/wp-content\/uploads\/2024\/08\/IMG_0186-scaled.jpg","link":"https:\/\/visitbuggiano.com\/de\/villa-amalia\/img_0186-2\/","alt":"","author":"1","description":"","caption":"","name":"img_0186-2","status":"inherit","uploaded_to":11081,"date":"2024-08-30 10:02:20","modified":"2024-08-30 14:34:06","menu_order":0,"mime_type":"image\/jpeg","type":"image","subtype":"jpeg","icon":"https:\/\/visitbuggiano.com\/wp-includes\/images\/media\/default.png","width":1920,"height":2560,"sizes":{"thumbnail":"https:\/\/visitbuggiano.com\/wp-content\/uploads\/2024\/08\/IMG_0186-150x150.jpg","thumbnail-width":150,"thumbnail-height":150,"medium":"https:\/\/visitbuggiano.com\/wp-content\/uploads\/2024\/08\/IMG_0186-225x300.jpg","medium-width":225,"medium-height":300,"medium_large":"https:\/\/visitbuggiano.com\/wp-content\/uploads\/2024\/08\/IMG_0186-768x1024.jpg","medium_large-width":768,"medium_large-height":1024,"large":"https:\/\/visitbuggiano.com\/wp-content\/uploads\/2024\/08\/IMG_0186-768x1024.jpg","large-width":768,"large-height":1024,"1536x1536":"https:\/\/visitbuggiano.com\/wp-content\/uploads\/2024\/08\/IMG_0186-1152x1536.jpg","1536x1536-width":1152,"1536x1536-height":1536,"2048x2048":"https:\/\/visitbuggiano.com\/wp-content\/uploads\/2024\/08\/IMG_0186-1536x2048.jpg","2048x2048-width":1536,"2048x2048-height":2048}},"galleria4":false,"galleria5":false,"galleria6":false,"galleria7":false,"galleria8":false,"galleria9":false,"galleria10":false},"gruppo_servizi":{"cucina":false,"lavastoviglie":false,"seggiolone":false,"wifi":false,"macchinettacaffe":false,"aria-condizionata":false,"lavatrice":false,"area-lavoro":false,"palestra":false,"parcheggio-gratuito":false,"piscina":false,"bbq":false,"vasca-da-bagno":false,"doccia":false,"animali-ammessi":false,"accessibilita-invalidi":false,"non-fumatori":false,"area-gioco-bambini":false,"noleggio_biciclette":false,"noleggio_biciclette_elettriche":false,"bike-service":false,"tv":false,"tv_satellitare":false,"area_relax":false,"giardino":false,"terrazzo_balcone":false,"servizio_in_camera":false,"minibar":false,"computer":false,"ristorante":false,"consegna_a_domicilio":false,"da_asporto":false,"colazione":false,"brunch":false,"pranzo":false,"aperitivo":false,"cena":false,"dopo_cena":false,"servizio_al_tavolo":false,"serve_alcolici":false,"vegetariano":false,"vegano":false,"senza_glutine":false},"indirizzo":{"mappa":false,"iframe":"<iframe src=\"https:\/\/www.google.com\/maps\/embed?pb=!1m18!1m12!1m3!1d2875.868012909105!2d10.723784876556552!3d43.87928617109216!2m3!1f0!2f0!3f0!3m2!1i1024!2i768!4f13.1!3m3!1m2!1s0x132a7de95e8757c5%3A0xc9e9bd7249861d2f!2sCorso%20Indipendenza%2C%201%2C%2051011%20Borgo%20A%20Buggiano%20PT!5e0!3m2!1sit!2sit!4v1734342888353!5m2!1sit!2sit\" width=\"600\" height=\"450\" style=\"border:0;\" allowfullscreen=\"\" loading=\"lazy\" referrerpolicy=\"no-referrer-when-downgrade\"><\/iframe>","indirizzo":"Corso Indipendenza, 1, 51011 Borgo A Buggiano PT"},"lingue_parlate":[],"orario":"","percorsi":{"gpx":"","classificazione_cai":"(T) Turistico","livello":[],"adatto_a_bambini":false,"adatto_ad_animali":false,"lunghezza_escursione":"","durata_escursione":"","dislivello":"","localita_di_partenza":false,"localita_di_arrivo":false,"sentieri_cai":"","food":""},"shortcode_visit_tuscany":"","video gruppo":{"video":"","video_2":"","video_3":"","video_4":"","video_5":""},"google_map":"","sottotitolo":"Geschichte und Sch\u00f6nheit der Villa Amalia: ein Erbe aus der Vergangenheit","tipologia":["villa"]},"yoast_head":"<!-- This site is optimized with the Yoast SEO plugin v25.0 - https:\/\/yoast.com\/wordpress\/plugins\/seo\/ -->\n<title>Villa Amalia - Visit Buggiano<\/title>\n<meta name=\"description\" content=\"Ein Meisterwerk des 18. Jahrhunderts und seine Verwandlung Die Villa Amalia, ein elegantes Geb\u00e4ude in Form eines Parallelepipeds, hat eine Geschichte, die\" \/>\n<meta name=\"robots\" content=\"index, follow, max-snippet:-1, max-image-preview:large, max-video-preview:-1\" \/>\n<link rel=\"canonical\" href=\"https:\/\/visitbuggiano.com\/de\/villa-amalia\/\" \/>\n<meta property=\"og:locale\" content=\"de_DE\" \/>\n<meta property=\"og:type\" content=\"article\" \/>\n<meta property=\"og:title\" content=\"Villa Amalia - Visit Buggiano\" \/>\n<meta property=\"og:description\" content=\"Ein Meisterwerk des 18. Jahrhunderts und seine Verwandlung Die Villa Amalia, ein elegantes Geb\u00e4ude in Form eines Parallelepipeds, hat eine Geschichte, die\" \/>\n<meta property=\"og:url\" content=\"https:\/\/visitbuggiano.com\/de\/villa-amalia\/\" \/>\n<meta property=\"og:site_name\" content=\"Visit Buggiano\" \/>\n<meta property=\"article:publisher\" content=\"https:\/\/www.facebook.com\/visitbuggiano\" \/>\n<meta property=\"article:published_time\" content=\"2024-08-30T14:34:05+00:00\" \/>\n<meta property=\"article:modified_time\" content=\"2024-08-30T14:34:07+00:00\" \/>\n<meta property=\"og:image\" content=\"https:\/\/visitbuggiano.com\/wp-content\/uploads\/2024\/08\/IMG_0181-scaled.jpg\" \/>\n\t<meta property=\"og:image:width\" content=\"1920\" \/>\n\t<meta property=\"og:image:height\" content=\"2560\" \/>\n\t<meta property=\"og:image:type\" content=\"image\/jpeg\" \/>\n<meta name=\"author\" content=\"ilmassi\" \/>\n<meta name=\"twitter:card\" content=\"summary_large_image\" \/>\n<meta name=\"twitter:label1\" content=\"Verfasst von\" \/>\n\t<meta name=\"twitter:data1\" content=\"ilmassi\" \/>\n\t<meta name=\"twitter:label2\" content=\"Gesch\u00e4tzte Lesezeit\" \/>\n\t<meta name=\"twitter:data2\" content=\"3\u00a0Minuten\" \/>\n<script type=\"application\/ld+json\" class=\"yoast-schema-graph\">{\"@context\":\"https:\/\/schema.org\",\"@graph\":[{\"@type\":\"Article\",\"@id\":\"https:\/\/visitbuggiano.com\/de\/villa-amalia\/#article\",\"isPartOf\":{\"@id\":\"https:\/\/visitbuggiano.com\/de\/villa-amalia\/\"},\"author\":{\"name\":\"ilmassi\",\"@id\":\"https:\/\/visitbuggiano.com\/de\/#\/schema\/person\/d082d18bf92c423bf495a31fc3114a18\"},\"headline\":\"Villa Amalia\",\"datePublished\":\"2024-08-30T14:34:05+00:00\",\"dateModified\":\"2024-08-30T14:34:07+00:00\",\"mainEntityOfPage\":{\"@id\":\"https:\/\/visitbuggiano.com\/de\/villa-amalia\/\"},\"wordCount\":563,\"publisher\":{\"@id\":\"https:\/\/visitbuggiano.com\/de\/#organization\"},\"image\":{\"@id\":\"https:\/\/visitbuggiano.com\/de\/villa-amalia\/#primaryimage\"},\"thumbnailUrl\":\"https:\/\/visitbuggiano.com\/wp-content\/uploads\/2024\/08\/IMG_0181-scaled.jpg\",\"articleSection\":[\"Entdecken Buggiano\",\"Pal\u00e4ste und Villen von Buggiano\"],\"inLanguage\":\"de\"},{\"@type\":\"WebPage\",\"@id\":\"https:\/\/visitbuggiano.com\/de\/villa-amalia\/\",\"url\":\"https:\/\/visitbuggiano.com\/de\/villa-amalia\/\",\"name\":\"Villa Amalia - Visit Buggiano\",\"isPartOf\":{\"@id\":\"https:\/\/visitbuggiano.com\/de\/#website\"},\"primaryImageOfPage\":{\"@id\":\"https:\/\/visitbuggiano.com\/de\/villa-amalia\/#primaryimage\"},\"image\":{\"@id\":\"https:\/\/visitbuggiano.com\/de\/villa-amalia\/#primaryimage\"},\"thumbnailUrl\":\"https:\/\/visitbuggiano.com\/wp-content\/uploads\/2024\/08\/IMG_0181-scaled.jpg\",\"datePublished\":\"2024-08-30T14:34:05+00:00\",\"dateModified\":\"2024-08-30T14:34:07+00:00\",\"description\":\"Ein Meisterwerk des 18. Jahrhunderts und seine Verwandlung Die Villa Amalia, ein elegantes Geb\u00e4ude in Form eines Parallelepipeds, hat eine Geschichte, die\",\"breadcrumb\":{\"@id\":\"https:\/\/visitbuggiano.com\/de\/villa-amalia\/#breadcrumb\"},\"inLanguage\":\"de\",\"potentialAction\":[{\"@type\":\"ReadAction\",\"target\":[\"https:\/\/visitbuggiano.com\/de\/villa-amalia\/\"]}]},{\"@type\":\"ImageObject\",\"inLanguage\":\"de\",\"@id\":\"https:\/\/visitbuggiano.com\/de\/villa-amalia\/#primaryimage\",\"url\":\"https:\/\/visitbuggiano.com\/wp-content\/uploads\/2024\/08\/IMG_0181-scaled.jpg\",\"contentUrl\":\"https:\/\/visitbuggiano.com\/wp-content\/uploads\/2024\/08\/IMG_0181-scaled.jpg\",\"width\":1920,\"height\":2560},{\"@type\":\"BreadcrumbList\",\"@id\":\"https:\/\/visitbuggiano.com\/de\/villa-amalia\/#breadcrumb\",\"itemListElement\":[{\"@type\":\"ListItem\",\"position\":1,\"name\":\"VisitBuggiano\",\"item\":\"https:\/\/visitbuggiano.com\/de\/\"},{\"@type\":\"ListItem\",\"position\":2,\"name\":\"Entdecken Buggiano\",\"item\":\"https:\/\/visitbuggiano.com\/de\/entdecken-buggiano\/\"},{\"@type\":\"ListItem\",\"position\":3,\"name\":\"Villa Amalia\"}]},{\"@type\":\"WebSite\",\"@id\":\"https:\/\/visitbuggiano.com\/de\/#website\",\"url\":\"https:\/\/visitbuggiano.com\/de\/\",\"name\":\"Visit Buggiano\",\"description\":\"a breath of Tuscany\",\"publisher\":{\"@id\":\"https:\/\/visitbuggiano.com\/de\/#organization\"},\"potentialAction\":[{\"@type\":\"SearchAction\",\"target\":{\"@type\":\"EntryPoint\",\"urlTemplate\":\"https:\/\/visitbuggiano.com\/de\/?s={search_term_string}\"},\"query-input\":{\"@type\":\"PropertyValueSpecification\",\"valueRequired\":true,\"valueName\":\"search_term_string\"}}],\"inLanguage\":\"de\"},{\"@type\":\"Organization\",\"@id\":\"https:\/\/visitbuggiano.com\/de\/#organization\",\"name\":\"Visit Buggiano\",\"url\":\"https:\/\/visitbuggiano.com\/de\/\",\"logo\":{\"@type\":\"ImageObject\",\"inLanguage\":\"de\",\"@id\":\"https:\/\/visitbuggiano.com\/de\/#\/schema\/logo\/image\/\",\"url\":\"https:\/\/visitbuggiano.com\/wp-content\/uploads\/2021\/08\/logo-visit-buggiano-colore-ok.svg\",\"contentUrl\":\"https:\/\/visitbuggiano.com\/wp-content\/uploads\/2021\/08\/logo-visit-buggiano-colore-ok.svg\",\"width\":1,\"height\":1,\"caption\":\"Visit Buggiano\"},\"image\":{\"@id\":\"https:\/\/visitbuggiano.com\/de\/#\/schema\/logo\/image\/\"},\"sameAs\":[\"https:\/\/www.facebook.com\/visitbuggiano\",\"https:\/\/www.instagram.com\/visitbuggiano\",\"https:\/\/www.youtube.com\/channel\/UChJGK-7VcUdVyA5yrx3UGsw\"]},{\"@type\":\"Person\",\"@id\":\"https:\/\/visitbuggiano.com\/de\/#\/schema\/person\/d082d18bf92c423bf495a31fc3114a18\",\"name\":\"ilmassi\",\"sameAs\":[\"https:\/\/visitbuggiano.com\"]}]}<\/script>\n<!-- \/ Yoast SEO plugin. -->","yoast_head_json":{"title":"Villa Amalia - Visit Buggiano","description":"Ein Meisterwerk des 18. Jahrhunderts und seine Verwandlung Die Villa Amalia, ein elegantes Geb\u00e4ude in Form eines Parallelepipeds, hat eine Geschichte, die","robots":{"index":"index","follow":"follow","max-snippet":"max-snippet:-1","max-image-preview":"max-image-preview:large","max-video-preview":"max-video-preview:-1"},"canonical":"https:\/\/visitbuggiano.com\/de\/villa-amalia\/","og_locale":"de_DE","og_type":"article","og_title":"Villa Amalia - Visit Buggiano","og_description":"Ein Meisterwerk des 18. Jahrhunderts und seine Verwandlung Die Villa Amalia, ein elegantes Geb\u00e4ude in Form eines Parallelepipeds, hat eine Geschichte, die","og_url":"https:\/\/visitbuggiano.com\/de\/villa-amalia\/","og_site_name":"Visit Buggiano","article_publisher":"https:\/\/www.facebook.com\/visitbuggiano","article_published_time":"2024-08-30T14:34:05+00:00","article_modified_time":"2024-08-30T14:34:07+00:00","og_image":[{"width":1920,"height":2560,"url":"https:\/\/visitbuggiano.com\/wp-content\/uploads\/2024\/08\/IMG_0181-scaled.jpg","type":"image\/jpeg"}],"author":"ilmassi","twitter_card":"summary_large_image","twitter_misc":{"Verfasst von":"ilmassi","Gesch\u00e4tzte Lesezeit":"3\u00a0Minuten"},"schema":{"@context":"https:\/\/schema.org","@graph":[{"@type":"Article","@id":"https:\/\/visitbuggiano.com\/de\/villa-amalia\/#article","isPartOf":{"@id":"https:\/\/visitbuggiano.com\/de\/villa-amalia\/"},"author":{"name":"ilmassi","@id":"https:\/\/visitbuggiano.com\/de\/#\/schema\/person\/d082d18bf92c423bf495a31fc3114a18"},"headline":"Villa Amalia","datePublished":"2024-08-30T14:34:05+00:00","dateModified":"2024-08-30T14:34:07+00:00","mainEntityOfPage":{"@id":"https:\/\/visitbuggiano.com\/de\/villa-amalia\/"},"wordCount":563,"publisher":{"@id":"https:\/\/visitbuggiano.com\/de\/#organization"},"image":{"@id":"https:\/\/visitbuggiano.com\/de\/villa-amalia\/#primaryimage"},"thumbnailUrl":"https:\/\/visitbuggiano.com\/wp-content\/uploads\/2024\/08\/IMG_0181-scaled.jpg","articleSection":["Entdecken Buggiano","Pal\u00e4ste und Villen von Buggiano"],"inLanguage":"de"},{"@type":"WebPage","@id":"https:\/\/visitbuggiano.com\/de\/villa-amalia\/","url":"https:\/\/visitbuggiano.com\/de\/villa-amalia\/","name":"Villa Amalia - Visit Buggiano","isPartOf":{"@id":"https:\/\/visitbuggiano.com\/de\/#website"},"primaryImageOfPage":{"@id":"https:\/\/visitbuggiano.com\/de\/villa-amalia\/#primaryimage"},"image":{"@id":"https:\/\/visitbuggiano.com\/de\/villa-amalia\/#primaryimage"},"thumbnailUrl":"https:\/\/visitbuggiano.com\/wp-content\/uploads\/2024\/08\/IMG_0181-scaled.jpg","datePublished":"2024-08-30T14:34:05+00:00","dateModified":"2024-08-30T14:34:07+00:00","description":"Ein Meisterwerk des 18. Jahrhunderts und seine Verwandlung Die Villa Amalia, ein elegantes Geb\u00e4ude in Form eines Parallelepipeds, hat eine Geschichte, die","breadcrumb":{"@id":"https:\/\/visitbuggiano.com\/de\/villa-amalia\/#breadcrumb"},"inLanguage":"de","potentialAction":[{"@type":"ReadAction","target":["https:\/\/visitbuggiano.com\/de\/villa-amalia\/"]}]},{"@type":"ImageObject","inLanguage":"de","@id":"https:\/\/visitbuggiano.com\/de\/villa-amalia\/#primaryimage","url":"https:\/\/visitbuggiano.com\/wp-content\/uploads\/2024\/08\/IMG_0181-scaled.jpg","contentUrl":"https:\/\/visitbuggiano.com\/wp-content\/uploads\/2024\/08\/IMG_0181-scaled.jpg","width":1920,"height":2560},{"@type":"BreadcrumbList","@id":"https:\/\/visitbuggiano.com\/de\/villa-amalia\/#breadcrumb","itemListElement":[{"@type":"ListItem","position":1,"name":"VisitBuggiano","item":"https:\/\/visitbuggiano.com\/de\/"},{"@type":"ListItem","position":2,"name":"Entdecken Buggiano","item":"https:\/\/visitbuggiano.com\/de\/entdecken-buggiano\/"},{"@type":"ListItem","position":3,"name":"Villa Amalia"}]},{"@type":"WebSite","@id":"https:\/\/visitbuggiano.com\/de\/#website","url":"https:\/\/visitbuggiano.com\/de\/","name":"Visit Buggiano","description":"a breath of Tuscany","publisher":{"@id":"https:\/\/visitbuggiano.com\/de\/#organization"},"potentialAction":[{"@type":"SearchAction","target":{"@type":"EntryPoint","urlTemplate":"https:\/\/visitbuggiano.com\/de\/?s={search_term_string}"},"query-input":{"@type":"PropertyValueSpecification","valueRequired":true,"valueName":"search_term_string"}}],"inLanguage":"de"},{"@type":"Organization","@id":"https:\/\/visitbuggiano.com\/de\/#organization","name":"Visit Buggiano","url":"https:\/\/visitbuggiano.com\/de\/","logo":{"@type":"ImageObject","inLanguage":"de","@id":"https:\/\/visitbuggiano.com\/de\/#\/schema\/logo\/image\/","url":"https:\/\/visitbuggiano.com\/wp-content\/uploads\/2021\/08\/logo-visit-buggiano-colore-ok.svg","contentUrl":"https:\/\/visitbuggiano.com\/wp-content\/uploads\/2021\/08\/logo-visit-buggiano-colore-ok.svg","width":1,"height":1,"caption":"Visit Buggiano"},"image":{"@id":"https:\/\/visitbuggiano.com\/de\/#\/schema\/logo\/image\/"},"sameAs":["https:\/\/www.facebook.com\/visitbuggiano","https:\/\/www.instagram.com\/visitbuggiano","https:\/\/www.youtube.com\/channel\/UChJGK-7VcUdVyA5yrx3UGsw"]},{"@type":"Person","@id":"https:\/\/visitbuggiano.com\/de\/#\/schema\/person\/d082d18bf92c423bf495a31fc3114a18","name":"ilmassi","sameAs":["https:\/\/visitbuggiano.com"]}]}},"_links":{"self":[{"href":"https:\/\/visitbuggiano.com\/de\/wp-json\/wp\/v2\/posts\/11081","targetHints":{"allow":["GET"]}}],"collection":[{"href":"https:\/\/visitbuggiano.com\/de\/wp-json\/wp\/v2\/posts"}],"about":[{"href":"https:\/\/visitbuggiano.com\/de\/wp-json\/wp\/v2\/types\/post"}],"author":[{"embeddable":true,"href":"https:\/\/visitbuggiano.com\/de\/wp-json\/wp\/v2\/users\/1"}],"replies":[{"embeddable":true,"href":"https:\/\/visitbuggiano.com\/de\/wp-json\/wp\/v2\/comments?post=11081"}],"version-history":[{"count":1,"href":"https:\/\/visitbuggiano.com\/de\/wp-json\/wp\/v2\/posts\/11081\/revisions"}],"predecessor-version":[{"id":11082,"href":"https:\/\/visitbuggiano.com\/de\/wp-json\/wp\/v2\/posts\/11081\/revisions\/11082"}],"wp:featuredmedia":[{"embeddable":true,"href":"https:\/\/visitbuggiano.com\/de\/wp-json\/wp\/v2\/media\/10962"}],"wp:attachment":[{"href":"https:\/\/visitbuggiano.com\/de\/wp-json\/wp\/v2\/media?parent=11081"}],"wp:term":[{"taxonomy":"category","embeddable":true,"href":"https:\/\/visitbuggiano.com\/de\/wp-json\/wp\/v2\/categories?post=11081"},{"taxonomy":"post_tag","embeddable":true,"href":"https:\/\/visitbuggiano.com\/de\/wp-json\/wp\/v2\/tags?post=11081"}],"curies":[{"name":"wp","href":"https:\/\/api.w.org\/{rel}","templated":true}]}}