{"id":12928,"date":"2026-04-20T15:58:31","date_gmt":"2026-04-20T13:58:31","guid":{"rendered":"https:\/\/visitbuggiano.com\/tuscany-hiking\/"},"modified":"2026-04-20T15:58:32","modified_gmt":"2026-04-20T13:58:32","slug":"tuscany-hiking","status":"publish","type":"post","link":"https:\/\/visitbuggiano.com\/de\/tuscany-hiking\/","title":{"rendered":"Tuscany Hiking"},"content":{"rendered":"\n<p>Ich bin eine in Italien geborene und in Frankreich, in einem kleinen Ort an den Alpenh\u00e4ngen, aufgewachsene Naturwanderf\u00fchrerin. Schon als Kind lernte ich die wundersch\u00f6nen Landschaften zu sch\u00e4tzen und die H\u00fcgel und Berge zu erkunden, wodurch ich von klein auf eine tiefe Verbundenheit zur Natur entwickelte. Als Teenager kehrte ich nach Italien zur\u00fcck, und meine Leidenschaft f\u00fcr die Berge wuchs noch weiter, was zu einem immer st\u00e4rkeren Engagement f\u00fcr diese unber\u00fchrten Naturlandschaften f\u00fchrte. <\/p>\n\n\n\n<p>Meine Erfahrungen wurden durch die zehn Jahre in Spanien bereichert,<strong> wo ich mein Wissen \u00fcber den Jakobsweg vertiefte und ein wachsendes Interesse am Wandern und Trekking entwickelte<\/strong>. Diese Reise brachte mich schlie\u00dflich dazu, meine Leidenschaft zum Beruf zu machen: Ich beschloss daher, eine Ausbildung zum Naturf\u00fchrer zu absolvieren und die offizielle Qualifikation zu erwerben. <\/p>\n\n\n\n<p>Ich organisiere und leite nun Exkursionen und teile dabei meine Erfahrung und Begeisterung f\u00fcr die Natur. Ich bin gem\u00e4\u00df Gesetz 4\/2013 t\u00e4tig und nach I.R. 86\/2016 zertifiziert. <\/p>\n","protected":false},"excerpt":{"rendered":"<p>Ich bin eine in Italien geborene und in Frankreich, in einem kleinen Ort an den Alpenh\u00e4ngen, aufgewachsene Naturwanderf\u00fchrerin. Schon als Kind lernte ich die wundersch\u00f6nen Landschaften zu sch\u00e4tzen und die [&hellip;]<\/p>\n","protected":false},"author":2,"featured_media":12906,"comment_status":"closed","ping_status":"closed","sticky":false,"template":"","format":"standard","meta":{"_acf_changed":false,"footnotes":""},"categories":[113],"tags":[],"class_list":["post-12928","post","type-post","status-publish","format-standard","has-post-thumbnail","hentry","category-reiseveranstalter"],"acf":{"allegati":{"Piantina":false},"attrezzatura":{"scarponi":false,"zaino":false,"bastoncini":false,"abbigliamento":false,"giacca":false},"contatti":{"telefono":"393397043013","email":"","sito_web":"","facebook":"","instagram":"","youtube":"","linkedin":"","Pinterest":"","twitter":"","logo":{"ID":12903,"id":12903,"title":"logo-tuscany-hiking","filename":"logo-tuscany-hiking.jpg","filesize":35927,"url":"https:\/\/visitbuggiano.com\/wp-content\/uploads\/2026\/04\/logo-tuscany-hiking.jpg","link":"https:\/\/visitbuggiano.com\/de\/tuscany-hiking\/logo-tuscany-hiking-2\/","alt":"","author":"2","description":"","caption":"","name":"logo-tuscany-hiking-2","status":"inherit","uploaded_to":12928,"date":"2026-04-20 10:10:37","modified":"2026-04-20 13:58:31","menu_order":0,"mime_type":"image\/jpeg","type":"image","subtype":"jpeg","icon":"https:\/\/visitbuggiano.com\/wp-includes\/images\/media\/default.png","width":738,"height":727,"sizes":{"thumbnail":"https:\/\/visitbuggiano.com\/wp-content\/uploads\/2026\/04\/logo-tuscany-hiking-150x150.jpg","thumbnail-width":150,"thumbnail-height":150,"medium":"https:\/\/visitbuggiano.com\/wp-content\/uploads\/2026\/04\/logo-tuscany-hiking-300x296.jpg","medium-width":300,"medium-height":296,"medium_large":"https:\/\/visitbuggiano.com\/wp-content\/uploads\/2026\/04\/logo-tuscany-hiking.jpg","medium_large-width":738,"medium_large-height":727,"large":"https:\/\/visitbuggiano.com\/wp-content\/uploads\/2026\/04\/logo-tuscany-hiking.jpg","large-width":738,"large-height":727,"1536x1536":"https:\/\/visitbuggiano.com\/wp-content\/uploads\/2026\/04\/logo-tuscany-hiking.jpg","1536x1536-width":738,"1536x1536-height":727,"2048x2048":"https:\/\/visitbuggiano.com\/wp-content\/uploads\/2026\/04\/logo-tuscany-hiking.jpg","2048x2048-width":738,"2048x2048-height":727}}},"dati_storici":{"inizio costruzione":"","anno di completamento":"","anno_prima_ristrutturazione":"","secondo_anno_di_":"","anno terza ristrutturazione":""},"dati_tecnici":{"architetto":"","finanziatore":"","edificio_precedente":"","Arcidiocesi":"","santo":"","stile architettonico":""},"descrizione":{"numero camere":"","caratteristiche":"","architettura":"","sostenibilita":"","area":""},"Fotografie":{"foto2":{"ID":12916,"id":12916,"title":"WhatsApp Image 2025-10-04 at 12.47.40","filename":"WhatsApp-Image-2025-10-04-at-12.47.40.jpeg","filesize":339290,"url":"https:\/\/visitbuggiano.com\/wp-content\/uploads\/2026\/04\/WhatsApp-Image-2025-10-04-at-12.47.40.jpeg","link":"https:\/\/visitbuggiano.com\/de\/tuscany-hiking\/whatsapp-image-2025-10-04-at-12-47-40-2\/","alt":"","author":"2","description":"","caption":"","name":"whatsapp-image-2025-10-04-at-12-47-40-2","status":"inherit","uploaded_to":12928,"date":"2026-04-20 12:43:21","modified":"2026-04-20 13:58:31","menu_order":0,"mime_type":"image\/jpeg","type":"image","subtype":"jpeg","icon":"https:\/\/visitbuggiano.com\/wp-includes\/images\/media\/default.png","width":1600,"height":1200,"sizes":{"thumbnail":"https:\/\/visitbuggiano.com\/wp-content\/uploads\/2026\/04\/WhatsApp-Image-2025-10-04-at-12.47.40-150x150.jpeg","thumbnail-width":150,"thumbnail-height":150,"medium":"https:\/\/visitbuggiano.com\/wp-content\/uploads\/2026\/04\/WhatsApp-Image-2025-10-04-at-12.47.40-300x225.jpeg","medium-width":300,"medium-height":225,"medium_large":"https:\/\/visitbuggiano.com\/wp-content\/uploads\/2026\/04\/WhatsApp-Image-2025-10-04-at-12.47.40-768x576.jpeg","medium_large-width":768,"medium_large-height":576,"large":"https:\/\/visitbuggiano.com\/wp-content\/uploads\/2026\/04\/WhatsApp-Image-2025-10-04-at-12.47.40-1024x768.jpeg","large-width":1024,"large-height":768,"1536x1536":"https:\/\/visitbuggiano.com\/wp-content\/uploads\/2026\/04\/WhatsApp-Image-2025-10-04-at-12.47.40-1536x1152.jpeg","1536x1536-width":1536,"1536x1536-height":1152,"2048x2048":"https:\/\/visitbuggiano.com\/wp-content\/uploads\/2026\/04\/WhatsApp-Image-2025-10-04-at-12.47.40.jpeg","2048x2048-width":1600,"2048x2048-height":1200}},"foto3":false,"foto4":false,"foto5":false,"foto6":false,"foto7":false,"foto8":false},"galleria":{"galleria1":false,"galleria2":false,"galleria3":false,"galleria4":false,"galleria5":false,"galleria6":false,"galleria7":false,"galleria8":false,"galleria9":false,"galleria10":false},"gruppo_servizi":{"cucina":false,"lavastoviglie":false,"seggiolone":false,"wifi":false,"macchinettacaffe":false,"aria-condizionata":false,"lavatrice":false,"area-lavoro":false,"palestra":false,"parcheggio-gratuito":false,"piscina":false,"bbq":false,"vasca-da-bagno":false,"doccia":false,"animali-ammessi":false,"accessibilita-invalidi":false,"non-fumatori":false,"area-gioco-bambini":false,"noleggio_biciclette":false,"noleggio_biciclette_elettriche":false,"bike-service":false,"tv":false,"tv_satellitare":false,"area_relax":false,"giardino":false,"terrazzo_balcone":false,"servizio_in_camera":false,"minibar":false,"computer":false,"ristorante":false,"consegna_a_domicilio":false,"da_asporto":false,"colazione":false,"brunch":false,"pranzo":false,"aperitivo":false,"cena":false,"dopo_cena":false,"servizio_al_tavolo":false,"serve_alcolici":false,"vegetariano":false,"vegano":false,"senza_glutine":false},"indirizzo":{"mappa":false,"iframe":"","indirizzo":""},"lingue_parlate":["Italiano","Inglese","Francese","Spagnolo"],"orario":"","percorsi":{"gpx":"","classificazione_cai":"(T) Turistico","livello":[],"adatto_a_bambini":false,"adatto_ad_animali":false,"lunghezza_escursione":"","durata_escursione":"","dislivello":"","localita_di_partenza":false,"localita_di_arrivo":false,"sentieri_cai":"","food":""},"shortcode_visit_tuscany":"","video gruppo":{"video":"","video_2":"","video_3":"","video_4":"","video_5":""},"google_map":"","sottotitolo":"Discover Tuscany off the beaten track ","tipologia":["Reiseunternehmen"]},"yoast_head":"<!-- This site is optimized with the Yoast SEO plugin v25.0 - https:\/\/yoast.com\/wordpress\/plugins\/seo\/ -->\n<title>Tuscany Hiking - Visit Buggiano<\/title>\n<meta name=\"description\" content=\"Ich bin eine in Italien geborene und in Frankreich, in einem kleinen Ort an den Alpenh\u00e4ngen, aufgewachsene Naturwanderf\u00fchrerin. Schon als Kind lernte ich\" \/>\n<meta name=\"robots\" content=\"index, follow, max-snippet:-1, max-image-preview:large, max-video-preview:-1\" \/>\n<link rel=\"canonical\" href=\"https:\/\/visitbuggiano.com\/de\/tuscany-hiking\/\" \/>\n<meta property=\"og:locale\" content=\"de_DE\" \/>\n<meta property=\"og:type\" content=\"article\" \/>\n<meta property=\"og:title\" content=\"Tuscany Hiking - Visit Buggiano\" \/>\n<meta property=\"og:description\" content=\"Ich bin eine in Italien geborene und in Frankreich, in einem kleinen Ort an den Alpenh\u00e4ngen, aufgewachsene Naturwanderf\u00fchrerin. Schon als Kind lernte ich\" \/>\n<meta property=\"og:url\" content=\"https:\/\/visitbuggiano.com\/de\/tuscany-hiking\/\" \/>\n<meta property=\"og:site_name\" content=\"Visit Buggiano\" \/>\n<meta property=\"article:publisher\" content=\"https:\/\/www.facebook.com\/visitbuggiano\" \/>\n<meta property=\"article:published_time\" content=\"2026-04-20T13:58:31+00:00\" \/>\n<meta property=\"article:modified_time\" content=\"2026-04-20T13:58:32+00:00\" \/>\n<meta property=\"og:image\" content=\"https:\/\/visitbuggiano.com\/wp-content\/uploads\/2026\/04\/virginia-lomi-1024x953.png\" \/>\n\t<meta property=\"og:image:width\" content=\"1024\" \/>\n\t<meta property=\"og:image:height\" content=\"953\" \/>\n\t<meta property=\"og:image:type\" content=\"image\/png\" \/>\n<meta name=\"author\" content=\"Michela Bonelli\" \/>\n<meta name=\"twitter:card\" content=\"summary_large_image\" \/>\n<meta name=\"twitter:label1\" content=\"Verfasst von\" \/>\n\t<meta name=\"twitter:data1\" content=\"Michela Bonelli\" \/>\n\t<meta name=\"twitter:label2\" content=\"Gesch\u00e4tzte Lesezeit\" \/>\n\t<meta name=\"twitter:data2\" content=\"1\u00a0Minute\" \/>\n<script type=\"application\/ld+json\" class=\"yoast-schema-graph\">{\"@context\":\"https:\/\/schema.org\",\"@graph\":[{\"@type\":\"Article\",\"@id\":\"https:\/\/visitbuggiano.com\/de\/tuscany-hiking\/#article\",\"isPartOf\":{\"@id\":\"https:\/\/visitbuggiano.com\/de\/tuscany-hiking\/\"},\"author\":{\"name\":\"Michela Bonelli\",\"@id\":\"https:\/\/visitbuggiano.com\/de\/#\/schema\/person\/1c78ad104b4db7abdb299901eabde826\"},\"headline\":\"Tuscany Hiking\",\"datePublished\":\"2026-04-20T13:58:31+00:00\",\"dateModified\":\"2026-04-20T13:58:32+00:00\",\"mainEntityOfPage\":{\"@id\":\"https:\/\/visitbuggiano.com\/de\/tuscany-hiking\/\"},\"wordCount\":170,\"publisher\":{\"@id\":\"https:\/\/visitbuggiano.com\/de\/#organization\"},\"image\":{\"@id\":\"https:\/\/visitbuggiano.com\/de\/tuscany-hiking\/#primaryimage\"},\"thumbnailUrl\":\"https:\/\/visitbuggiano.com\/wp-content\/uploads\/2026\/04\/virginia-lomi.png\",\"articleSection\":[\"Reiseveranstalter\"],\"inLanguage\":\"de\"},{\"@type\":\"WebPage\",\"@id\":\"https:\/\/visitbuggiano.com\/de\/tuscany-hiking\/\",\"url\":\"https:\/\/visitbuggiano.com\/de\/tuscany-hiking\/\",\"name\":\"Tuscany Hiking - Visit Buggiano\",\"isPartOf\":{\"@id\":\"https:\/\/visitbuggiano.com\/de\/#website\"},\"primaryImageOfPage\":{\"@id\":\"https:\/\/visitbuggiano.com\/de\/tuscany-hiking\/#primaryimage\"},\"image\":{\"@id\":\"https:\/\/visitbuggiano.com\/de\/tuscany-hiking\/#primaryimage\"},\"thumbnailUrl\":\"https:\/\/visitbuggiano.com\/wp-content\/uploads\/2026\/04\/virginia-lomi.png\",\"datePublished\":\"2026-04-20T13:58:31+00:00\",\"dateModified\":\"2026-04-20T13:58:32+00:00\",\"description\":\"Ich bin eine in Italien geborene und in Frankreich, in einem kleinen Ort an den Alpenh\u00e4ngen, aufgewachsene Naturwanderf\u00fchrerin. Schon als Kind lernte ich\",\"breadcrumb\":{\"@id\":\"https:\/\/visitbuggiano.com\/de\/tuscany-hiking\/#breadcrumb\"},\"inLanguage\":\"de\",\"potentialAction\":[{\"@type\":\"ReadAction\",\"target\":[\"https:\/\/visitbuggiano.com\/de\/tuscany-hiking\/\"]}]},{\"@type\":\"ImageObject\",\"inLanguage\":\"de\",\"@id\":\"https:\/\/visitbuggiano.com\/de\/tuscany-hiking\/#primaryimage\",\"url\":\"https:\/\/visitbuggiano.com\/wp-content\/uploads\/2026\/04\/virginia-lomi.png\",\"contentUrl\":\"https:\/\/visitbuggiano.com\/wp-content\/uploads\/2026\/04\/virginia-lomi.png\",\"width\":1784,\"height\":1660},{\"@type\":\"BreadcrumbList\",\"@id\":\"https:\/\/visitbuggiano.com\/de\/tuscany-hiking\/#breadcrumb\",\"itemListElement\":[{\"@type\":\"ListItem\",\"position\":1,\"name\":\"VisitBuggiano\",\"item\":\"https:\/\/visitbuggiano.com\/de\/\"},{\"@type\":\"ListItem\",\"position\":2,\"name\":\"Reiseveranstalter\",\"item\":\"https:\/\/visitbuggiano.com\/de\/reiseveranstalter\/\"},{\"@type\":\"ListItem\",\"position\":3,\"name\":\"Tuscany Hiking\"}]},{\"@type\":\"WebSite\",\"@id\":\"https:\/\/visitbuggiano.com\/de\/#website\",\"url\":\"https:\/\/visitbuggiano.com\/de\/\",\"name\":\"Visit Buggiano\",\"description\":\"a breath of Tuscany\",\"publisher\":{\"@id\":\"https:\/\/visitbuggiano.com\/de\/#organization\"},\"potentialAction\":[{\"@type\":\"SearchAction\",\"target\":{\"@type\":\"EntryPoint\",\"urlTemplate\":\"https:\/\/visitbuggiano.com\/de\/?s={search_term_string}\"},\"query-input\":{\"@type\":\"PropertyValueSpecification\",\"valueRequired\":true,\"valueName\":\"search_term_string\"}}],\"inLanguage\":\"de\"},{\"@type\":\"Organization\",\"@id\":\"https:\/\/visitbuggiano.com\/de\/#organization\",\"name\":\"Visit Buggiano\",\"url\":\"https:\/\/visitbuggiano.com\/de\/\",\"logo\":{\"@type\":\"ImageObject\",\"inLanguage\":\"de\",\"@id\":\"https:\/\/visitbuggiano.com\/de\/#\/schema\/logo\/image\/\",\"url\":\"https:\/\/visitbuggiano.com\/wp-content\/uploads\/2021\/08\/logo-visit-buggiano-colore-ok.svg\",\"contentUrl\":\"https:\/\/visitbuggiano.com\/wp-content\/uploads\/2021\/08\/logo-visit-buggiano-colore-ok.svg\",\"width\":1,\"height\":1,\"caption\":\"Visit Buggiano\"},\"image\":{\"@id\":\"https:\/\/visitbuggiano.com\/de\/#\/schema\/logo\/image\/\"},\"sameAs\":[\"https:\/\/www.facebook.com\/visitbuggiano\",\"https:\/\/www.instagram.com\/visitbuggiano\",\"https:\/\/www.youtube.com\/channel\/UChJGK-7VcUdVyA5yrx3UGsw\"]},{\"@type\":\"Person\",\"@id\":\"https:\/\/visitbuggiano.com\/de\/#\/schema\/person\/1c78ad104b4db7abdb299901eabde826\",\"name\":\"Michela Bonelli\",\"sameAs\":[\"http:\/\/woola.it\"]}]}<\/script>\n<!-- \/ Yoast SEO plugin. -->","yoast_head_json":{"title":"Tuscany Hiking - Visit Buggiano","description":"Ich bin eine in Italien geborene und in Frankreich, in einem kleinen Ort an den Alpenh\u00e4ngen, aufgewachsene Naturwanderf\u00fchrerin. Schon als Kind lernte ich","robots":{"index":"index","follow":"follow","max-snippet":"max-snippet:-1","max-image-preview":"max-image-preview:large","max-video-preview":"max-video-preview:-1"},"canonical":"https:\/\/visitbuggiano.com\/de\/tuscany-hiking\/","og_locale":"de_DE","og_type":"article","og_title":"Tuscany Hiking - Visit Buggiano","og_description":"Ich bin eine in Italien geborene und in Frankreich, in einem kleinen Ort an den Alpenh\u00e4ngen, aufgewachsene Naturwanderf\u00fchrerin. Schon als Kind lernte ich","og_url":"https:\/\/visitbuggiano.com\/de\/tuscany-hiking\/","og_site_name":"Visit Buggiano","article_publisher":"https:\/\/www.facebook.com\/visitbuggiano","article_published_time":"2026-04-20T13:58:31+00:00","article_modified_time":"2026-04-20T13:58:32+00:00","og_image":[{"width":1024,"height":953,"url":"https:\/\/visitbuggiano.com\/wp-content\/uploads\/2026\/04\/virginia-lomi-1024x953.png","type":"image\/png"}],"author":"Michela Bonelli","twitter_card":"summary_large_image","twitter_misc":{"Verfasst von":"Michela Bonelli","Gesch\u00e4tzte Lesezeit":"1\u00a0Minute"},"schema":{"@context":"https:\/\/schema.org","@graph":[{"@type":"Article","@id":"https:\/\/visitbuggiano.com\/de\/tuscany-hiking\/#article","isPartOf":{"@id":"https:\/\/visitbuggiano.com\/de\/tuscany-hiking\/"},"author":{"name":"Michela Bonelli","@id":"https:\/\/visitbuggiano.com\/de\/#\/schema\/person\/1c78ad104b4db7abdb299901eabde826"},"headline":"Tuscany Hiking","datePublished":"2026-04-20T13:58:31+00:00","dateModified":"2026-04-20T13:58:32+00:00","mainEntityOfPage":{"@id":"https:\/\/visitbuggiano.com\/de\/tuscany-hiking\/"},"wordCount":170,"publisher":{"@id":"https:\/\/visitbuggiano.com\/de\/#organization"},"image":{"@id":"https:\/\/visitbuggiano.com\/de\/tuscany-hiking\/#primaryimage"},"thumbnailUrl":"https:\/\/visitbuggiano.com\/wp-content\/uploads\/2026\/04\/virginia-lomi.png","articleSection":["Reiseveranstalter"],"inLanguage":"de"},{"@type":"WebPage","@id":"https:\/\/visitbuggiano.com\/de\/tuscany-hiking\/","url":"https:\/\/visitbuggiano.com\/de\/tuscany-hiking\/","name":"Tuscany Hiking - Visit Buggiano","isPartOf":{"@id":"https:\/\/visitbuggiano.com\/de\/#website"},"primaryImageOfPage":{"@id":"https:\/\/visitbuggiano.com\/de\/tuscany-hiking\/#primaryimage"},"image":{"@id":"https:\/\/visitbuggiano.com\/de\/tuscany-hiking\/#primaryimage"},"thumbnailUrl":"https:\/\/visitbuggiano.com\/wp-content\/uploads\/2026\/04\/virginia-lomi.png","datePublished":"2026-04-20T13:58:31+00:00","dateModified":"2026-04-20T13:58:32+00:00","description":"Ich bin eine in Italien geborene und in Frankreich, in einem kleinen Ort an den Alpenh\u00e4ngen, aufgewachsene Naturwanderf\u00fchrerin. Schon als Kind lernte ich","breadcrumb":{"@id":"https:\/\/visitbuggiano.com\/de\/tuscany-hiking\/#breadcrumb"},"inLanguage":"de","potentialAction":[{"@type":"ReadAction","target":["https:\/\/visitbuggiano.com\/de\/tuscany-hiking\/"]}]},{"@type":"ImageObject","inLanguage":"de","@id":"https:\/\/visitbuggiano.com\/de\/tuscany-hiking\/#primaryimage","url":"https:\/\/visitbuggiano.com\/wp-content\/uploads\/2026\/04\/virginia-lomi.png","contentUrl":"https:\/\/visitbuggiano.com\/wp-content\/uploads\/2026\/04\/virginia-lomi.png","width":1784,"height":1660},{"@type":"BreadcrumbList","@id":"https:\/\/visitbuggiano.com\/de\/tuscany-hiking\/#breadcrumb","itemListElement":[{"@type":"ListItem","position":1,"name":"VisitBuggiano","item":"https:\/\/visitbuggiano.com\/de\/"},{"@type":"ListItem","position":2,"name":"Reiseveranstalter","item":"https:\/\/visitbuggiano.com\/de\/reiseveranstalter\/"},{"@type":"ListItem","position":3,"name":"Tuscany Hiking"}]},{"@type":"WebSite","@id":"https:\/\/visitbuggiano.com\/de\/#website","url":"https:\/\/visitbuggiano.com\/de\/","name":"Visit Buggiano","description":"a breath of Tuscany","publisher":{"@id":"https:\/\/visitbuggiano.com\/de\/#organization"},"potentialAction":[{"@type":"SearchAction","target":{"@type":"EntryPoint","urlTemplate":"https:\/\/visitbuggiano.com\/de\/?s={search_term_string}"},"query-input":{"@type":"PropertyValueSpecification","valueRequired":true,"valueName":"search_term_string"}}],"inLanguage":"de"},{"@type":"Organization","@id":"https:\/\/visitbuggiano.com\/de\/#organization","name":"Visit Buggiano","url":"https:\/\/visitbuggiano.com\/de\/","logo":{"@type":"ImageObject","inLanguage":"de","@id":"https:\/\/visitbuggiano.com\/de\/#\/schema\/logo\/image\/","url":"https:\/\/visitbuggiano.com\/wp-content\/uploads\/2021\/08\/logo-visit-buggiano-colore-ok.svg","contentUrl":"https:\/\/visitbuggiano.com\/wp-content\/uploads\/2021\/08\/logo-visit-buggiano-colore-ok.svg","width":1,"height":1,"caption":"Visit Buggiano"},"image":{"@id":"https:\/\/visitbuggiano.com\/de\/#\/schema\/logo\/image\/"},"sameAs":["https:\/\/www.facebook.com\/visitbuggiano","https:\/\/www.instagram.com\/visitbuggiano","https:\/\/www.youtube.com\/channel\/UChJGK-7VcUdVyA5yrx3UGsw"]},{"@type":"Person","@id":"https:\/\/visitbuggiano.com\/de\/#\/schema\/person\/1c78ad104b4db7abdb299901eabde826","name":"Michela Bonelli","sameAs":["http:\/\/woola.it"]}]}},"_links":{"self":[{"href":"https:\/\/visitbuggiano.com\/de\/wp-json\/wp\/v2\/posts\/12928","targetHints":{"allow":["GET"]}}],"collection":[{"href":"https:\/\/visitbuggiano.com\/de\/wp-json\/wp\/v2\/posts"}],"about":[{"href":"https:\/\/visitbuggiano.com\/de\/wp-json\/wp\/v2\/types\/post"}],"author":[{"embeddable":true,"href":"https:\/\/visitbuggiano.com\/de\/wp-json\/wp\/v2\/users\/2"}],"replies":[{"embeddable":true,"href":"https:\/\/visitbuggiano.com\/de\/wp-json\/wp\/v2\/comments?post=12928"}],"version-history":[{"count":1,"href":"https:\/\/visitbuggiano.com\/de\/wp-json\/wp\/v2\/posts\/12928\/revisions"}],"predecessor-version":[{"id":12929,"href":"https:\/\/visitbuggiano.com\/de\/wp-json\/wp\/v2\/posts\/12928\/revisions\/12929"}],"wp:featuredmedia":[{"embeddable":true,"href":"https:\/\/visitbuggiano.com\/de\/wp-json\/wp\/v2\/media\/12906"}],"wp:attachment":[{"href":"https:\/\/visitbuggiano.com\/de\/wp-json\/wp\/v2\/media?parent=12928"}],"wp:term":[{"taxonomy":"category","embeddable":true,"href":"https:\/\/visitbuggiano.com\/de\/wp-json\/wp\/v2\/categories?post=12928"},{"taxonomy":"post_tag","embeddable":true,"href":"https:\/\/visitbuggiano.com\/de\/wp-json\/wp\/v2\/tags?post=12928"}],"curies":[{"name":"wp","href":"https:\/\/api.w.org\/{rel}","templated":true}]}}