{"id":7169,"date":"2021-08-20T11:01:04","date_gmt":"2021-08-20T09:01:04","guid":{"rendered":"https:\/\/visitbuggiano.com\/colle-di-buggiano\/"},"modified":"2021-08-20T11:01:06","modified_gmt":"2021-08-20T09:01:06","slug":"colle-di-buggiano","status":"publish","type":"post","link":"https:\/\/visitbuggiano.com\/de\/colle-di-buggiano\/","title":{"rendered":"Colle di Buggiano"},"content":{"rendered":"\n<p><strong>Colle di Buggiano empf\u00e4ngt Sie auf seinem Platz, dem lebendigen Herzen der Gemeinde.<\/strong><br\/>Es ist von einem<strong>Panorama von H\u00fcgeln<\/strong>und sanften H\u00e4ngen mit <strong>Terrassen mit Olivenhainen und Strecken von schattigen W\u00e4ldern mit Blick<\/strong> auf den Fluss Cessana kultiviert umgeben.<br\/><strong>Leicht zu erreichen dank seiner privilegierten Lage zwischen Lucca und Pistoia.<\/strong><\/p>\n\n<p>Die Zufahrtsstra\u00dfe zum Dorf wird durch eine charakteristische <strong>Stein und Ziegelwand.<\/strong> es ist <strong><em>der beliebteste Aussichtspunkt<\/em><\/strong> der Colligians, die Bewohner des Valdinievole und die Touristen, die hier anhalten, um das Tal tags\u00fcber zu bewundern und die K\u00e4lte zu atmen, die am Abend von den Feldern kommt.<\/p>\n\n<h2 class=\"wp-block-heading\">Die Piazza di Colle di Buggiano<\/h2>\n\n<p>Der Haupteingang des Landes \u00f6ffnet sich auf einem <strong>wundersch\u00f6nen Platz<\/strong>gleich neben der Altstadt und dem alten Wandring.<br\/>Der Einschlag ist sehr eindrucksvoll, und der Blick wird vom <strong><em><a href=\"https:\/\/visitbuggiano.com\/de\/pieve-di-san-lorenzo\/\">Pieve von St. Lorenzo<\/a><\/em><\/strong>eingefangen, mit seinem Glockenturm am Ende des Platzes.<br\/>Es gab eine Zeit, in der das Land von einer <strong>&#8222;Sandstein&#8220;<\/strong>-Stra\u00dfe umgeben war, die noch begehbar und sehr dramatisch ist, der Pippolo-Stra\u00dfe (ehemals Buggianus-Stra\u00dfe), die Sie direkt links in der Kirche finden.<\/p>\n\n<p>Auf dem Weg dorthin befindet sich auch der <strong><em>Johannes-Evangelist-Gesandte,<\/em><\/strong> der im Jahr 1766 neu erfunden wurde und f\u00fcr die gleichnamige Gesellschaft bestimmt ist. Das Geb\u00e4ude ist nun unantastbar und nur noch im Freien zu sehen. Der Rasen ist aber oft von landschaftlichen Festen umgeben, die Sie vor allem mit lokaler Kultur und Tradition verbinden k\u00f6nnen<\/p>\n\n<p>Die Steint\u00fcr, genannt &#8222;<strong><em>Porta Buggianese&#8220; oder &#8222;Maggiore&#8220;,<\/em><\/strong> \u00fcberblickt den Platz und ist der eigentliche Eingang zum historischen Zentrum von Colle: ein dichtes Netz von Geb\u00e4uden und Stra\u00dfen, das eine fast elliptische Form zum Leben erweckt, ganz bemerkenswert mit einer sch\u00f6nen Luftaufnahme.<\/p>\n\n<h2 class=\"wp-block-heading\">Ich Palazzi von Colle di Buggiano<\/h2>\n\n<p>Wenn Sie durch Colle di Buggiano gehen, werden Sie <strong>prestigetr\u00e4chtige Pal\u00e4ste<\/strong> sehen, v<strong>on denen viele zwischen 500 und 600<\/strong>nach der Renaissance-Renovierung der Kirche des Dorfes renoviert wurden. Die Geb\u00e4ude folgen der nat\u00fcrlichen Erhebung des Landes und vermitteln noch immer die F\u00fcrsorge und Aufmerksamkeit der reichsten Familien auf ihr Land.<\/p>\n\n<p>Wandern rund um das Dorf werden Sie \u00fcber den <strong>Palazzo Pierucci<\/strong>zwischen der <em>&#8222;Via di mezzo&#8220;<\/em> und der <em>&#8222;Via del Vento&#8220;<\/em> aus dem siebzehnten Jahrhundert kommen. Die Hauptt\u00fcr hat eine sch\u00f6ne grobe Steindekoration, mit einem unlesbaren Wappen in der Mitte.<br\/><strong>Palazzo Bartoli Vincenteschi<\/strong> \u00fcberblickt den Hauptplatz mit seiner gemischten Stein- und Backsteinfassade, und seine Besonderheit liegt im Hintergrund: in der Tat ist hier noch sichtbar ein Turm der Stadtmauer, integriert<br\/>zum Geb\u00e4ude.<\/p>\n\n<p>Der Palazzo Puccini ist deutlich sichtbar in der T\u00fcr, die im Laufe der Zeit teilweise geschlossen wurde und heute, seltsamerweise, ein Fenster beherbergt.<br\/><strong>Der Palazzo Pellegrini Moneta<\/strong>sticht mit seiner charakteristischen Stein- und Ziegelkomposition an der Piazza Vittorio hervor.<\/p>\n\n<h3 class=\"wp-block-heading\">Der Buggiano-H\u00fcgel ist ein kleines Dorf, das zu Fuss entdeckt werden kann<\/h3>\n\n<p><strong>Das Dorf<\/strong>ist eher klein, so <strong>perfekt<\/strong> <strong>zu Fu\u00df zu entdecken<\/strong>, <strong>genie\u00dfen jede Ecke ohne Anstrengung.<\/strong><br\/><em>Es gibt zwei Hauptstra\u00dfen, denen Sie folgen k\u00f6nnen.<\/em> Beide haben eindrucksvolle Namen, geboren aus Ereignissen und Ph\u00e4nomenen, die hier zu Hause waren und sind: Sie werden den Weg des Windes finden, wo immer eine mehr oder weniger intensive Brise weht, und den Weg der Sonne.<\/p>\n\n<p>Das Dorf kann auch von einem anderen Eingang durch das Tor namens &#8222;Minor&#8220; oder <strong>&#8222;Massese&#8220; zugegriffen werden,<\/strong> weil es das nahe gelegene Dorf Massa und Cozzile zugewandt ist.<\/p>\n\n<p>Nach dieser T\u00fcr k\u00f6nnen Sie weiter in Richtung Massa und Cozzile und auf der rechten Seite der Stra\u00dfe finden Sie die<strong><em>Margine dei Ferri<\/em><\/strong>im Jahre 1631 anl\u00e4sslich der Pest gebaut. Es wurde verwendet, um die Messe im Freien zu feiern, so dass die Gl\u00e4ubigen geb\u00fchrenden Abstand zu halten und so die Ansteckung zu begrenzen.<br\/>Sein heutiges Aussehen ist auf die Neugestaltung von 1973 zur\u00fcckzuf\u00fchren und der aktuelle Bau ist kleiner als er in den vergangenen Jahrhunderten h\u00e4tte sein sollen, aber es hat immer noch einen gro\u00dfen Charme.<\/p>\n\n<h4 class=\"wp-block-heading\"><strong>Von Colle di Buggiano aus k\u00f6nnen viele Wege zu Fuss und mit dem Velo zur\u00fcckgelegt werden.<br\/><a href=\"https:\/\/visitbuggiano.com\/categoria\/vivere-buggiano\/itinerari-di-buggiano\/\">Lass dich von der Natur umarmen!<\/a><\/strong><\/h4>\n\n<div class=\"wp-block-group\"><div class=\"wp-block-group__inner-container is-layout-flow wp-block-group-is-layout-flow\">\n<p>Was es in Buggiano Colle zu sehen gibt:<br\/><\/p>\n\n\n\n<ul class=\"wp-block-list\"><li>Pieve di San Lorenzo<\/li><li>Porta Buggianese<\/li><li>Porta Massese<\/li><li>Palazzo Pierucci<\/li><li>Margine dei Ferri<\/li><li>View of the valley<\/li><\/ul>\n<\/div><\/div>\n","protected":false},"excerpt":{"rendered":"<p>Colle di Buggiano empf\u00e4ngt Sie auf seinem Platz, dem lebendigen Herzen der Gemeinde.Es ist von einemPanorama von H\u00fcgelnund sanften H\u00e4ngen mit Terrassen mit Olivenhainen und Strecken von schattigen W\u00e4ldern mit [&hellip;]<\/p>\n","protected":false},"author":3,"featured_media":6695,"comment_status":"open","ping_status":"open","sticky":false,"template":"","format":"standard","meta":{"_acf_changed":false,"footnotes":""},"categories":[109],"tags":[142],"class_list":["post-7169","post","type-post","status-publish","format-standard","has-post-thumbnail","hentry","category-ort-buggiano","tag-punti-panoramici-de"],"acf":{"orario":"","sottotitolo":"Reception. Lebendigkeit. Gemeinschaft","tipologia":["Localit\u00e0"],"storia":"<p>Das Datum der Gr\u00fcndung des Dorfes ist ungewiss, aber sicher ist, dass im Jahr <strong>1238 die Bewohner der in der N\u00e4he, jetzt zerst\u00f6rt, Stadt Castiglione Veteri fragte die Konsuln der Gemeinde Buggiano einen neuen castleon den H\u00fcgel<\/strong>namens Pietrabuona zu bauen, n\u00f6rdlich von Buggiano. Die Vereinigung der beiden Gemeinden wurde sanktioniert und das neue Schloss von Colle di Buggiano wurde gebaut.<\/p>\n<p><strong>Die Zerst\u00f6rung des \u00e4ltesten Dorfes von Castiglione wurde durch einen heftigen Kampf zwischen Buggianesi und Altopascesi verursacht.<\/strong><br \/>\nDie letztere in der Tat, scheitern, um es mit den Bewohnern von Buggiano wandte sich an einen ber\u00fchmten Krieger der Zeit, <em><strong>Romano da Cerraia sagte Spadaforte.<\/strong><\/em> <strong>Die Legende besagt, dass er eine bizarre Milit\u00e4runiform trug, mit Sandalen an den F\u00fc\u00dfen und einer &#8222;Lederkappe im Stil des Helms der alten R\u00f6mer&#8220;.<\/strong> Er <strong>wurde f\u00fcr die Gr\u00e4ueltaten gef\u00fcrchtet,<\/strong>die er ausf\u00fchrte und wurde verwendet, um &#8222;die Schl\u00f6sser zu betreten, die er auf einem Maultier gefangen nahm, das mit Gerste, Weizen und Waffen und gezogenem Schwert beladen war, immer rot vom feindlichen Blut&#8220;.  In der Dunkelheit der Nacht <strong>st\u00fcrmten die Bewohner von Altopascio Buggiano und steckten ihn in Brand.<\/strong> Doch Spadaforte war noch nicht zufrieden, <strong>zerst\u00f6rte Castiglione Veteri<\/strong>und besch\u00e4digte die nahegelegenen Burgen Marliana und Verruca.<\/p>\n<p>In Verruca jedoch wurde der un\u00fcbertroffenste Krieger von einem Pfeil erschossen, <strong>der von der Spitze der Festung<\/strong> abgefeuert wurde. Es scheint, dass ein Sch\u00e4del mit einem Pfeil auf der Stirn stecken ein paar Monate nach der Schlacht gefunden wurde, in der N\u00e4he der Festung. In Colle fand er ein Krankenhaus, in dem Pilger auf ihrem Weg nach Rom Hilfe erhielten und die Via Francigena passierten.<\/p>\n<p>Die Bedeutung der Burg von Colle nahm im Laufe der Zeit ab, insbesondere f\u00fcr die Entwicklung von Siedlungen in den Ebenen. Allerdings behielt sie eine autonome soziale und wirtschaftliche Struktur dank der Anwesenheit von verschiedenen professionellen Typologien (von \u00d6fen, Werkst\u00e4tten, Theater).<\/p>\n","storiella_1":{"ID":2097,"post_author":"3","post_date":"2021-06-03 11:48:34","post_date_gmt":"2021-06-03 09:48:34","post_content":"<!-- wp:paragraph -->\n<p>L'<strong>antico botteghino del teatro degli Accademici<\/strong> dal 1700, per decenni, ha messo in scena commedie divertenti ed apprezzate, oltre che ad organizzare feste danzanti. <\/p>\n<!-- \/wp:paragraph -->\n\n<!-- wp:paragraph -->\n<p>La nostra famiglia non mancava mai di partecipare agli spettacoli, riusciva in ogni modo ad entrare in teatro, che si trovava in un enorme edificio con ben trentadue stanze, e ad assistere anche da angolazioni diverse. <\/p>\n<!-- \/wp:paragraph -->\n\n<!-- wp:paragraph -->\n<p><strong>La gente accorreva numerosa alle rappresentazioni<\/strong>, provenendo anche da fuori paese, bench\u00e9 anche al Borgo ci fosse un Teatro gestito dall'Accademia dei Perseguitati. <\/p>\n<!-- \/wp:paragraph -->\n\n<!-- wp:paragraph -->\n<p>Si cinguetta che nel 1770, il podesta di Buggiano aveva ordinato di interrompere la messa in scena delle commedie perch\u00e9, ormai, la stagione del carnevale era agli sgoccioli. <\/p>\n<!-- \/wp:paragraph -->\n\n<!-- wp:paragraph -->\n<p>Gli Accademici, invece, avevano in programma diversi spettacoli e non vi volevano rinunciare. Grazie anche alle preghiere degli spettatori, fu possibile per il teatro rispettare la scaletta. Anni dopo, l'Accademia dei Risoluti gestiva le attivit\u00e0 teatrali sia al teatro di Borgo sia di Colle.<\/p>\n<!-- \/wp:paragraph -->\n\n<!-- wp:paragraph -->\n<p>(testo di Irene Giacomelli)<\/p>\n<!-- \/wp:paragraph -->\n\n<!-- wp:heading {\"level\":3} -->\n<h3>Ascolta il Podcast \"Teatro degli Accademici a Colle di Buggiano\"<\/h3>\n<!-- \/wp:heading -->\n\n<!-- wp:audio {\"id\":8319} -->\n<figure class=\"wp-block-audio\"><audio controls src=\"https:\/\/visitbuggiano.com\/wp-content\/uploads\/2022\/04\/11-Teatro-degli-accademici-di-buggiano.mp3\"><\/audio><\/figure>\n<!-- \/wp:audio -->","post_title":"Teatro degli accademici a Colle di Buggiano","post_excerpt":"","post_status":"publish","comment_status":"closed","ping_status":"closed","post_password":"","post_name":"teatro-degli-accademici-a-colle-di-buggiano","to_ping":"","pinged":"","post_modified":"2022-04-27 15:03:50","post_modified_gmt":"2022-04-27 13:03:50","post_content_filtered":"","post_parent":0,"guid":"https:\/\/visitbuggiano.com\/?p=2097","menu_order":0,"post_type":"post","post_mime_type":"","comment_count":"0","filter":"raw"},"storiella_2":{"ID":2104,"post_author":"3","post_date":"2021-06-03 11:54:43","post_date_gmt":"2021-06-03 09:54:43","post_content":"<!-- wp:paragraph -->\n<p><strong>Come in tutte le famiglie, ci sono argomenti tab\u00f9<\/strong>, cio\u00e8, come dire, un po' delicati, insomma <strong>top secret<\/strong>; ma gira che ti rigira, <strong>qualche membro della famiglia non resiste e cede alla tentazione di condividere il segreto<\/strong>. Proprio cos\u00ec \u00e8 stato per la storia di questa Villa. <\/p>\n<!-- \/wp:paragraph -->\n\n<!-- wp:paragraph -->\n<p><strong>Si cinguetta che un giorno, un mio antenato fu bandito dal suo nido<\/strong> perch\u00e9 si comportava male: niente contro la legge, ma contro il buon costume! <strong><em>Era un rondinotto giovane, bello<\/em><\/strong> come il sole e vigoroso come il metallo, riusciva a percorrere centinaia di miglia in volo senza aver bisogno di fermarsi, ma aveva un difetto: <strong>era sempre innamorato e faceva strage di cuori<\/strong>. <\/p>\n<!-- \/wp:paragraph -->\n\n<!-- wp:paragraph -->\n<p>Lo conoscevano tutti e, soprattutto, tutte le rondini della zona: <strong>aveva fidanzate ovunque<\/strong>. Il trisnonno del fratello della cognata del nonno del babbo di mia mamma non poteva sopportare un simil comportamento, n\u00e9, tanto meno, il <strong>soprannome che gli avevano dato: Casanova<\/strong>. <\/p>\n<!-- \/wp:paragraph -->\n\n<!-- wp:paragraph -->\n<p>Eh s\u00ec, lo chiamavano proprio come il famoso ragazzo veneziano che ha sedotto e amato centinaia di fanciulle. Si cinguetta che Casanova <strong>avesse costruito un nido nella soffitta di questa Villa<\/strong> ed avesse trovato la serenit\u00e0 che cercava. <\/p>\n<!-- \/wp:paragraph -->\n\n<!-- wp:paragraph -->\n<p><strong>Vi chiederete se si fosse sposato ed avesse messo su famiglia? Macch\u00e9!!! Trascorse il resto della sua vita ad avere innamorate e fidanzate in tutta la valle<\/strong>, senza che i parenti gli facessero continuamente la ramanzina. <\/p>\n<!-- \/wp:paragraph -->\n\n<!-- wp:paragraph -->\n<p><em>Sar\u00e0 perch\u00e9 la Villa era in una posizione panoramica e defilata, sar\u00e0 perch\u00e9 l'aria emanava fragranza di amore, il bellissimo edificio, costruito nel Cinquecento e risistemato, pi\u00f9 tardi, secondo il gusto barocco, divent\u00f2 un luogo che ospitava nobili e dame innamorate che fuggivano in questo luogo magico ed incantato<\/em>. <strong>I pi\u00f9 pettegoli o i pi\u00f9 informati, non si sa bene, cinguettano che anche il Granduca di Toscana, Leopoldo, fosse stato ospite della Villa<\/strong>!<\/p>\n<!-- \/wp:paragraph -->\n\n<!-- wp:paragraph -->\n<p>(testo di Irene Giacomelli)<\/p>\n<!-- \/wp:paragraph -->","post_title":"Villa Di Vetrignano","post_excerpt":"","post_status":"publish","comment_status":"closed","ping_status":"closed","post_password":"","post_name":"villa-di-vetrignano","to_ping":"","pinged":"","post_modified":"2021-07-06 10:12:34","post_modified_gmt":"2021-07-06 08:12:34","post_content_filtered":"","post_parent":0,"guid":"https:\/\/visitbuggiano.com\/?p=2104","menu_order":0,"post_type":"post","post_mime_type":"","comment_count":"0","filter":"raw"},"storiella_3":{"ID":2109,"post_author":"3","post_date":"2021-06-03 11:58:35","post_date_gmt":"2021-06-03 09:58:35","post_content":"<!-- wp:paragraph -->\n<p>La mia bisnonna mi diceva: <strong>\u201cBimba, bei tempi, quando c'era la Gallona, non ti mancava mai nulla!\u201d<\/strong>. <strong>Gallona era chiamata la signora Fernanda che, insieme al marito Vittorio Checchi, mandava avanti un bar con annesso negozio con ogni ben di Dio<\/strong> (dove oggi si trova il pub affacciato sulla piazza di Colle di Buggiano).<\/p>\n<!-- \/wp:paragraph -->\n\n<!-- wp:paragraph -->\n<p>Se ti mancava qualche genere alimentare, la Gallona ce l'aveva, se se avevi finito i materiali per la scuola, dalla Gallona li trovavi, se andava via la luce in casa, la Gallona aveva le candele, se ti dovevi rammendare i calzini, dalla Gallona potevi comprare aghi e fili. Pensate che, <strong>a volte, lasciava nel retro bottega i vuoti delle confezioni e se c'era qualche involucro per oggetti fragili, mia nonna ci andava a prendere la pagliuzza per ristrutturare i nidi<\/strong>. <\/p>\n<!-- \/wp:paragraph -->\n\n<!-- wp:paragraph -->\n<p><strong>Durante la brutta stagione, nella stanza accanto al negozio, la Gallona disponeva i tavolini dove la gente sedeva per consumare i prodotti del suo bar<\/strong> oppure si ritrovava per giocare a carte, in estate, invece, metteva i tavoli fuori e, come succede ancora, in piazza c'era il ritrovo. <strong><em>Alla bottega arriv\u00f2 anche il primo ed unico telefono e dopo, anche la prima ed unica televisione.<\/em><\/strong><\/p>\n<!-- \/wp:paragraph -->\n\n<!-- wp:paragraph -->\n<p>(testo di Irene Giacomelli)<\/p>\n<!-- \/wp:paragraph -->","post_title":"La bottega Checchi","post_excerpt":"","post_status":"publish","comment_status":"closed","ping_status":"closed","post_password":"","post_name":"la-bottega-checchi","to_ping":"","pinged":"","post_modified":"2021-07-06 10:13:31","post_modified_gmt":"2021-07-06 08:13:31","post_content_filtered":"","post_parent":0,"guid":"https:\/\/visitbuggiano.com\/?p=2109","menu_order":0,"post_type":"post","post_mime_type":"","comment_count":"0","filter":"raw"},"allegati":{"Piantina":false},"attrezzatura":{"scarponi":false,"zaino":false,"bastoncini":false,"abbigliamento":false,"giacca":false},"contatti":{"telefono":"","email":"","sito_web":"","facebook":"","instagram":"","youtube":"","linkedin":"","Pinterest":"","twitter":"","logo":false},"dati_storici":{"inizio costruzione":"","anno di completamento":"","anno_prima_ristrutturazione":"","secondo_anno_di_":"","anno terza ristrutturazione":""},"dati_tecnici":{"architetto":"","finanziatore":"","edificio_precedente":"","Arcidiocesi":"","santo":"","stile architettonico":""},"descrizione":{"numero camere":"","caratteristiche":"","architettura":"","sostenibilita":"","area":""},"Fotografie":{"foto2":{"ID":6540,"id":6540,"title":"DSC09650","filename":"DSC09650.jpg","filesize":338186,"url":"https:\/\/visitbuggiano.com\/wp-content\/uploads\/2021\/04\/DSC09650.jpg","link":"https:\/\/visitbuggiano.com\/de\/colle-di-buggiano\/dsc09650-2\/","alt":"","author":"3","description":"","caption":"","name":"dsc09650-2","status":"inherit","uploaded_to":7169,"date":"2021-06-25 08:01:53","modified":"2021-08-20 09:01:05","menu_order":0,"mime_type":"image\/jpeg","type":"image","subtype":"jpeg","icon":"https:\/\/visitbuggiano.com\/wp-includes\/images\/media\/default.png","width":1067,"height":1600,"sizes":{"thumbnail":"https:\/\/visitbuggiano.com\/wp-content\/uploads\/2021\/04\/DSC09650-150x150.jpg","thumbnail-width":150,"thumbnail-height":150,"medium":"https:\/\/visitbuggiano.com\/wp-content\/uploads\/2021\/04\/DSC09650-200x300.jpg","medium-width":200,"medium-height":300,"medium_large":"https:\/\/visitbuggiano.com\/wp-content\/uploads\/2021\/04\/DSC09650-768x1152.jpg","medium_large-width":768,"medium_large-height":1152,"large":"https:\/\/visitbuggiano.com\/wp-content\/uploads\/2021\/04\/DSC09650-683x1024.jpg","large-width":683,"large-height":1024,"1536x1536":"https:\/\/visitbuggiano.com\/wp-content\/uploads\/2021\/04\/DSC09650-1024x1536.jpg","1536x1536-width":1024,"1536x1536-height":1536,"2048x2048":"https:\/\/visitbuggiano.com\/wp-content\/uploads\/2021\/04\/DSC09650.jpg","2048x2048-width":1067,"2048x2048-height":1600}},"foto3":{"ID":6265,"id":6265,"title":"facciata-san-lorenzo-0352","filename":"facciata-san-lorenzo-0352.jpg","filesize":181132,"url":"https:\/\/visitbuggiano.com\/wp-content\/uploads\/2021\/05\/facciata-san-lorenzo-0352.jpg","link":"https:\/\/visitbuggiano.com\/de\/pieve-di-san-lorenzo\/facciata-san-lorenzo-0352-2\/","alt":"pieve di san lorenzo","author":"3","description":"","caption":"","name":"facciata-san-lorenzo-0352-2","status":"inherit","uploaded_to":7123,"date":"2021-06-14 13:08:36","modified":"2021-08-11 14:51:40","menu_order":0,"mime_type":"image\/jpeg","type":"image","subtype":"jpeg","icon":"https:\/\/visitbuggiano.com\/wp-includes\/images\/media\/default.png","width":1600,"height":1055,"sizes":{"thumbnail":"https:\/\/visitbuggiano.com\/wp-content\/uploads\/2021\/05\/facciata-san-lorenzo-0352-150x150.jpg","thumbnail-width":150,"thumbnail-height":150,"medium":"https:\/\/visitbuggiano.com\/wp-content\/uploads\/2021\/05\/facciata-san-lorenzo-0352-300x198.jpg","medium-width":300,"medium-height":198,"medium_large":"https:\/\/visitbuggiano.com\/wp-content\/uploads\/2021\/05\/facciata-san-lorenzo-0352-768x506.jpg","medium_large-width":768,"medium_large-height":506,"large":"https:\/\/visitbuggiano.com\/wp-content\/uploads\/2021\/05\/facciata-san-lorenzo-0352-1024x675.jpg","large-width":1024,"large-height":675,"1536x1536":"https:\/\/visitbuggiano.com\/wp-content\/uploads\/2021\/05\/facciata-san-lorenzo-0352-1536x1013.jpg","1536x1536-width":1536,"1536x1536-height":1013,"2048x2048":"https:\/\/visitbuggiano.com\/wp-content\/uploads\/2021\/05\/facciata-san-lorenzo-0352.jpg","2048x2048-width":1600,"2048x2048-height":1055}},"foto4":{"ID":6520,"id":6520,"title":"panorama-da-buggiano","filename":"panorama-da-buggiano.jpg","filesize":276705,"url":"https:\/\/visitbuggiano.com\/wp-content\/uploads\/2021\/05\/panorama-da-buggiano.jpg","link":"https:\/\/visitbuggiano.com\/de\/torrent-cessana\/panorama-da-buggiano-2\/","alt":"","author":"3","description":"","caption":"","name":"panorama-da-buggiano-2","status":"inherit","uploaded_to":7198,"date":"2021-06-24 11:03:36","modified":"2021-08-20 11:39:01","menu_order":0,"mime_type":"image\/jpeg","type":"image","subtype":"jpeg","icon":"https:\/\/visitbuggiano.com\/wp-includes\/images\/media\/default.png","width":1200,"height":1600,"sizes":{"thumbnail":"https:\/\/visitbuggiano.com\/wp-content\/uploads\/2021\/05\/panorama-da-buggiano-150x150.jpg","thumbnail-width":150,"thumbnail-height":150,"medium":"https:\/\/visitbuggiano.com\/wp-content\/uploads\/2021\/05\/panorama-da-buggiano-225x300.jpg","medium-width":225,"medium-height":300,"medium_large":"https:\/\/visitbuggiano.com\/wp-content\/uploads\/2021\/05\/panorama-da-buggiano-768x1024.jpg","medium_large-width":768,"medium_large-height":1024,"large":"https:\/\/visitbuggiano.com\/wp-content\/uploads\/2021\/05\/panorama-da-buggiano-768x1024.jpg","large-width":768,"large-height":1024,"1536x1536":"https:\/\/visitbuggiano.com\/wp-content\/uploads\/2021\/05\/panorama-da-buggiano-1152x1536.jpg","1536x1536-width":1152,"1536x1536-height":1536,"2048x2048":"https:\/\/visitbuggiano.com\/wp-content\/uploads\/2021\/05\/panorama-da-buggiano.jpg","2048x2048-width":1200,"2048x2048-height":1600}},"foto5":{"ID":5924,"id":5924,"title":"Buggiano_colle,_veduta_02,2","filename":"Buggiano_colle_veduta_022.jpg","filesize":339036,"url":"https:\/\/visitbuggiano.com\/wp-content\/uploads\/2021\/04\/Buggiano_colle_veduta_022.jpg","link":"https:\/\/visitbuggiano.com\/de\/colle-di-buggiano\/buggiano_colle_veduta_022-2\/","alt":"","author":"1","description":"","caption":"","name":"buggiano_colle_veduta_022-2","status":"inherit","uploaded_to":7169,"date":"2021-04-15 12:33:39","modified":"2021-08-20 09:01:05","menu_order":0,"mime_type":"image\/jpeg","type":"image","subtype":"jpeg","icon":"https:\/\/visitbuggiano.com\/wp-includes\/images\/media\/default.png","width":2316,"height":716,"sizes":{"thumbnail":"https:\/\/visitbuggiano.com\/wp-content\/uploads\/2021\/04\/Buggiano_colle_veduta_022-150x150.jpg","thumbnail-width":150,"thumbnail-height":150,"medium":"https:\/\/visitbuggiano.com\/wp-content\/uploads\/2021\/04\/Buggiano_colle_veduta_022-300x93.jpg","medium-width":300,"medium-height":93,"medium_large":"https:\/\/visitbuggiano.com\/wp-content\/uploads\/2021\/04\/Buggiano_colle_veduta_022-768x237.jpg","medium_large-width":768,"medium_large-height":237,"large":"https:\/\/visitbuggiano.com\/wp-content\/uploads\/2021\/04\/Buggiano_colle_veduta_022-1024x317.jpg","large-width":1024,"large-height":317,"1536x1536":"https:\/\/visitbuggiano.com\/wp-content\/uploads\/2021\/04\/Buggiano_colle_veduta_022-1536x475.jpg","1536x1536-width":1536,"1536x1536-height":475,"2048x2048":"https:\/\/visitbuggiano.com\/wp-content\/uploads\/2021\/04\/Buggiano_colle_veduta_022-2048x633.jpg","2048x2048-width":2048,"2048x2048-height":633}},"foto6":{"ID":6701,"id":6701,"title":"zenitale-colle-C00143","filename":"zenitale-colle-C00143.jpg","filesize":304491,"url":"https:\/\/visitbuggiano.com\/wp-content\/uploads\/2021\/04\/zenitale-colle-C00143.jpg","link":"https:\/\/visitbuggiano.com\/de\/colle-di-buggiano\/zenitale-colle-c00143-2\/","alt":"","author":"3","description":"","caption":"","name":"zenitale-colle-c00143-2","status":"inherit","uploaded_to":7169,"date":"2021-06-30 04:51:44","modified":"2021-08-20 09:01:06","menu_order":0,"mime_type":"image\/jpeg","type":"image","subtype":"jpeg","icon":"https:\/\/visitbuggiano.com\/wp-includes\/images\/media\/default.png","width":1600,"height":900,"sizes":{"thumbnail":"https:\/\/visitbuggiano.com\/wp-content\/uploads\/2021\/04\/zenitale-colle-C00143-150x150.jpg","thumbnail-width":150,"thumbnail-height":150,"medium":"https:\/\/visitbuggiano.com\/wp-content\/uploads\/2021\/04\/zenitale-colle-C00143-300x169.jpg","medium-width":300,"medium-height":169,"medium_large":"https:\/\/visitbuggiano.com\/wp-content\/uploads\/2021\/04\/zenitale-colle-C00143-768x432.jpg","medium_large-width":768,"medium_large-height":432,"large":"https:\/\/visitbuggiano.com\/wp-content\/uploads\/2021\/04\/zenitale-colle-C00143-1024x576.jpg","large-width":1024,"large-height":576,"1536x1536":"https:\/\/visitbuggiano.com\/wp-content\/uploads\/2021\/04\/zenitale-colle-C00143-1536x864.jpg","1536x1536-width":1536,"1536x1536-height":864,"2048x2048":"https:\/\/visitbuggiano.com\/wp-content\/uploads\/2021\/04\/zenitale-colle-C00143.jpg","2048x2048-width":1600,"2048x2048-height":900}},"foto7":{"ID":6564,"id":6564,"title":"DJI_0304","filename":"DJI_0304.jpg","filesize":273645,"url":"https:\/\/visitbuggiano.com\/wp-content\/uploads\/2021\/06\/DJI_0304.jpg","link":"https:\/\/visitbuggiano.com\/de\/colle-di-buggiano\/dji_0304-2\/","alt":"","author":"3","description":"","caption":"","name":"dji_0304-2","status":"inherit","uploaded_to":7169,"date":"2021-06-25 11:20:50","modified":"2021-08-20 09:01:05","menu_order":0,"mime_type":"image\/jpeg","type":"image","subtype":"jpeg","icon":"https:\/\/visitbuggiano.com\/wp-includes\/images\/media\/default.png","width":1600,"height":899,"sizes":{"thumbnail":"https:\/\/visitbuggiano.com\/wp-content\/uploads\/2021\/06\/DJI_0304-150x150.jpg","thumbnail-width":150,"thumbnail-height":150,"medium":"https:\/\/visitbuggiano.com\/wp-content\/uploads\/2021\/06\/DJI_0304-300x169.jpg","medium-width":300,"medium-height":169,"medium_large":"https:\/\/visitbuggiano.com\/wp-content\/uploads\/2021\/06\/DJI_0304-768x432.jpg","medium_large-width":768,"medium_large-height":432,"large":"https:\/\/visitbuggiano.com\/wp-content\/uploads\/2021\/06\/DJI_0304-1024x575.jpg","large-width":1024,"large-height":575,"1536x1536":"https:\/\/visitbuggiano.com\/wp-content\/uploads\/2021\/06\/DJI_0304-1536x863.jpg","1536x1536-width":1536,"1536x1536-height":863,"2048x2048":"https:\/\/visitbuggiano.com\/wp-content\/uploads\/2021\/06\/DJI_0304.jpg","2048x2048-width":1600,"2048x2048-height":899}},"foto8":{"ID":6521,"id":6521,"title":"panorama-da-colle","filename":"panorama-da-colle.jpg","filesize":196126,"url":"https:\/\/visitbuggiano.com\/wp-content\/uploads\/2021\/05\/panorama-da-colle.jpg","link":"https:\/\/visitbuggiano.com\/de\/torrent-cessana\/panorama-da-colle-2\/","alt":"","author":"3","description":"","caption":"","name":"panorama-da-colle-2","status":"inherit","uploaded_to":7198,"date":"2021-06-24 11:03:37","modified":"2021-08-20 11:39:01","menu_order":0,"mime_type":"image\/jpeg","type":"image","subtype":"jpeg","icon":"https:\/\/visitbuggiano.com\/wp-includes\/images\/media\/default.png","width":1200,"height":1600,"sizes":{"thumbnail":"https:\/\/visitbuggiano.com\/wp-content\/uploads\/2021\/05\/panorama-da-colle-150x150.jpg","thumbnail-width":150,"thumbnail-height":150,"medium":"https:\/\/visitbuggiano.com\/wp-content\/uploads\/2021\/05\/panorama-da-colle-225x300.jpg","medium-width":225,"medium-height":300,"medium_large":"https:\/\/visitbuggiano.com\/wp-content\/uploads\/2021\/05\/panorama-da-colle-768x1024.jpg","medium_large-width":768,"medium_large-height":1024,"large":"https:\/\/visitbuggiano.com\/wp-content\/uploads\/2021\/05\/panorama-da-colle-768x1024.jpg","large-width":768,"large-height":1024,"1536x1536":"https:\/\/visitbuggiano.com\/wp-content\/uploads\/2021\/05\/panorama-da-colle-1152x1536.jpg","1536x1536-width":1152,"1536x1536-height":1536,"2048x2048":"https:\/\/visitbuggiano.com\/wp-content\/uploads\/2021\/05\/panorama-da-colle.jpg","2048x2048-width":1200,"2048x2048-height":1600}}},"galleria":{"galleria1":{"ID":6523,"id":6523,"title":"Palazzo-pierucci-colle-di-buggiano","filename":"Palazzo-pierucci-colle-di-buggiano.jpg","filesize":240990,"url":"https:\/\/visitbuggiano.com\/wp-content\/uploads\/2021\/05\/Palazzo-pierucci-colle-di-buggiano.jpg","link":"https:\/\/visitbuggiano.com\/de\/torrent-cessana\/palazzo-pierucci-colle-di-buggiano-2\/","alt":"","author":"3","description":"","caption":"PALAZZO PIERUCCI","name":"palazzo-pierucci-colle-di-buggiano-2","status":"inherit","uploaded_to":7198,"date":"2021-06-24 11:03:40","modified":"2021-08-20 11:39:01","menu_order":0,"mime_type":"image\/jpeg","type":"image","subtype":"jpeg","icon":"https:\/\/visitbuggiano.com\/wp-includes\/images\/media\/default.png","width":1247,"height":1600,"sizes":{"thumbnail":"https:\/\/visitbuggiano.com\/wp-content\/uploads\/2021\/05\/Palazzo-pierucci-colle-di-buggiano-150x150.jpg","thumbnail-width":150,"thumbnail-height":150,"medium":"https:\/\/visitbuggiano.com\/wp-content\/uploads\/2021\/05\/Palazzo-pierucci-colle-di-buggiano-234x300.jpg","medium-width":234,"medium-height":300,"medium_large":"https:\/\/visitbuggiano.com\/wp-content\/uploads\/2021\/05\/Palazzo-pierucci-colle-di-buggiano-768x985.jpg","medium_large-width":768,"medium_large-height":985,"large":"https:\/\/visitbuggiano.com\/wp-content\/uploads\/2021\/05\/Palazzo-pierucci-colle-di-buggiano-798x1024.jpg","large-width":798,"large-height":1024,"1536x1536":"https:\/\/visitbuggiano.com\/wp-content\/uploads\/2021\/05\/Palazzo-pierucci-colle-di-buggiano-1197x1536.jpg","1536x1536-width":1197,"1536x1536-height":1536,"2048x2048":"https:\/\/visitbuggiano.com\/wp-content\/uploads\/2021\/05\/Palazzo-pierucci-colle-di-buggiano.jpg","2048x2048-width":1247,"2048x2048-height":1600}},"galleria2":{"ID":6532,"id":6532,"title":"strade-del-colle","filename":"strade-del-colle.jpg","filesize":130110,"url":"https:\/\/visitbuggiano.com\/wp-content\/uploads\/2021\/04\/strade-del-colle.jpg","link":"https:\/\/visitbuggiano.com\/de\/colle-di-buggiano\/strade-del-colle-2\/","alt":"","author":"3","description":"","caption":"STRADA DI PAESE","name":"strade-del-colle-2","status":"inherit","uploaded_to":7169,"date":"2021-06-24 12:01:23","modified":"2021-08-20 09:01:05","menu_order":0,"mime_type":"image\/jpeg","type":"image","subtype":"jpeg","icon":"https:\/\/visitbuggiano.com\/wp-includes\/images\/media\/default.png","width":966,"height":1600,"sizes":{"thumbnail":"https:\/\/visitbuggiano.com\/wp-content\/uploads\/2021\/04\/strade-del-colle-150x150.jpg","thumbnail-width":150,"thumbnail-height":150,"medium":"https:\/\/visitbuggiano.com\/wp-content\/uploads\/2021\/04\/strade-del-colle-181x300.jpg","medium-width":181,"medium-height":300,"medium_large":"https:\/\/visitbuggiano.com\/wp-content\/uploads\/2021\/04\/strade-del-colle-768x1272.jpg","medium_large-width":768,"medium_large-height":1272,"large":"https:\/\/visitbuggiano.com\/wp-content\/uploads\/2021\/04\/strade-del-colle-618x1024.jpg","large-width":618,"large-height":1024,"1536x1536":"https:\/\/visitbuggiano.com\/wp-content\/uploads\/2021\/04\/strade-del-colle-927x1536.jpg","1536x1536-width":927,"1536x1536-height":1536,"2048x2048":"https:\/\/visitbuggiano.com\/wp-content\/uploads\/2021\/04\/strade-del-colle.jpg","2048x2048-width":966,"2048x2048-height":1600}},"galleria3":{"ID":6661,"id":6661,"title":"colle-di-buggiano_0006","filename":"colle-di-buggiano_0006.jpg","filesize":646141,"url":"https:\/\/visitbuggiano.com\/wp-content\/uploads\/2021\/06\/colle-di-buggiano_0006.jpg","link":"https:\/\/visitbuggiano.com\/de\/colle-di-buggiano\/colle-di-buggiano_0006-3\/","alt":"","author":"3","description":"","caption":"PANORAMICA","name":"colle-di-buggiano_0006-3","status":"inherit","uploaded_to":7169,"date":"2021-06-29 16:20:40","modified":"2021-08-20 09:01:06","menu_order":0,"mime_type":"image\/jpeg","type":"image","subtype":"jpeg","icon":"https:\/\/visitbuggiano.com\/wp-includes\/images\/media\/default.png","width":2560,"height":1438,"sizes":{"thumbnail":"https:\/\/visitbuggiano.com\/wp-content\/uploads\/2021\/06\/colle-di-buggiano_0006-150x150.jpg","thumbnail-width":150,"thumbnail-height":150,"medium":"https:\/\/visitbuggiano.com\/wp-content\/uploads\/2021\/06\/colle-di-buggiano_0006-300x169.jpg","medium-width":300,"medium-height":169,"medium_large":"https:\/\/visitbuggiano.com\/wp-content\/uploads\/2021\/06\/colle-di-buggiano_0006-768x431.jpg","medium_large-width":768,"medium_large-height":431,"large":"https:\/\/visitbuggiano.com\/wp-content\/uploads\/2021\/06\/colle-di-buggiano_0006-1024x575.jpg","large-width":1024,"large-height":575,"1536x1536":"https:\/\/visitbuggiano.com\/wp-content\/uploads\/2021\/06\/colle-di-buggiano_0006-1536x863.jpg","1536x1536-width":1536,"1536x1536-height":863,"2048x2048":"https:\/\/visitbuggiano.com\/wp-content\/uploads\/2021\/06\/colle-di-buggiano_0006-2048x1150.jpg","2048x2048-width":2048,"2048x2048-height":1150}},"galleria4":{"ID":6537,"id":6537,"title":"DSC09657","filename":"DSC09657.jpg","filesize":335999,"url":"https:\/\/visitbuggiano.com\/wp-content\/uploads\/2021\/04\/DSC09657.jpg","link":"https:\/\/visitbuggiano.com\/de\/colle-di-buggiano\/dsc09657-2\/","alt":"","author":"3","description":"","caption":"COLLE VISTO DA BUGGIANO","name":"dsc09657-2","status":"inherit","uploaded_to":7169,"date":"2021-06-25 08:01:48","modified":"2021-08-20 09:01:05","menu_order":0,"mime_type":"image\/jpeg","type":"image","subtype":"jpeg","icon":"https:\/\/visitbuggiano.com\/wp-includes\/images\/media\/default.png","width":1600,"height":1067,"sizes":{"thumbnail":"https:\/\/visitbuggiano.com\/wp-content\/uploads\/2021\/04\/DSC09657-150x150.jpg","thumbnail-width":150,"thumbnail-height":150,"medium":"https:\/\/visitbuggiano.com\/wp-content\/uploads\/2021\/04\/DSC09657-300x200.jpg","medium-width":300,"medium-height":200,"medium_large":"https:\/\/visitbuggiano.com\/wp-content\/uploads\/2021\/04\/DSC09657-768x512.jpg","medium_large-width":768,"medium_large-height":512,"large":"https:\/\/visitbuggiano.com\/wp-content\/uploads\/2021\/04\/DSC09657-1024x683.jpg","large-width":1024,"large-height":683,"1536x1536":"https:\/\/visitbuggiano.com\/wp-content\/uploads\/2021\/04\/DSC09657-1536x1024.jpg","1536x1536-width":1536,"1536x1536-height":1024,"2048x2048":"https:\/\/visitbuggiano.com\/wp-content\/uploads\/2021\/04\/DSC09657.jpg","2048x2048-width":1600,"2048x2048-height":1067}},"galleria5":false,"galleria6":false,"galleria7":false,"galleria8":false,"galleria9":false,"galleria10":false},"gruppo_servizi":{"cucina":false,"lavastoviglie":false,"seggiolone":false,"wifi":false,"macchinettacaffe":false,"aria-condizionata":false,"lavatrice":false,"area-lavoro":false,"palestra":false,"parcheggio-gratuito":false,"piscina":false,"bbq":false,"vasca-da-bagno":false,"doccia":false,"animali-ammessi":false,"accessibilita-invalidi":false,"non-fumatori":false,"area-gioco-bambini":false,"noleggio_biciclette":false,"noleggio_biciclette_elettriche":false,"bike-service":false,"tv":false,"tv_satellitare":false,"area_relax":false,"giardino":false,"terrazzo_balcone":false,"servizio_in_camera":false,"minibar":false,"computer":false,"ristorante":false,"consegna_a_domicilio":false,"da_asporto":false,"colazione":false,"brunch":false,"pranzo":false,"aperitivo":false,"cena":false,"dopo_cena":false,"servizio_al_tavolo":false,"serve_alcolici":false,"vegetariano":false,"vegano":false,"senza_glutine":false},"indirizzo":{"mappa":{"address":"Colle di Buggiano, PT, Italia","lat":43.8963945,"lng":10.7347995,"zoom":14,"place_id":"ChIJgbN7JGGHKhMRoTtKBpIsCCY","name":"Colle di Buggiano","city":"Colle di Buggiano","state":"Toscana","state_short":"PT","post_code":"51011","country":"Italia","country_short":"IT"},"iframe":"<iframe src=\"https:\/\/www.google.com\/maps\/embed?pb=!1m18!1m12!1m3!1d2875.0125561652058!2d10.731503626557423!3d43.8970066710916!2m3!1f0!2f0!3f0!3m2!1i1024!2i768!4f13.1!3m3!1m2!1s0x132a8761247bb381%3A0x26082c92064a3ba1!2s51011%20Colle%20di%20Buggiano%20PT!5e0!3m2!1sit!2sit!4v1734342557385!5m2!1sit!2sit\" width=\"600\" height=\"450\" style=\"border:0;\" allowfullscreen=\"\" loading=\"lazy\" referrerpolicy=\"no-referrer-when-downgrade\"><\/iframe>","indirizzo":""},"lingue_parlate":[],"percorsi":{"gpx":"","classificazione_cai":"(T) Turistico","livello":[],"adatto_a_bambini":false,"adatto_ad_animali":false,"lunghezza_escursione":"","durata_escursione":"","dislivello":"","localita_di_partenza":false,"localita_di_arrivo":false,"sentieri_cai":"","food":""},"shortcode_visit_tuscany":"","video gruppo":{"video":"","video_2":"","video_3":"","video_4":"","video_5":""},"google_map":""},"yoast_head":"<!-- This site is optimized with the Yoast SEO plugin v25.0 - https:\/\/yoast.com\/wordpress\/plugins\/seo\/ -->\n<title>Colle di Buggiano - Visit Buggiano<\/title>\n<meta name=\"description\" content=\"Colle di Buggiano empf\u00e4ngt Sie auf seinem Platz, dem lebendigen Herzen der Gemeinde.Es ist von einemPanorama von H\u00fcgelnund sanften H\u00e4ngen mit Terrassen\" \/>\n<meta name=\"robots\" content=\"index, follow, max-snippet:-1, max-image-preview:large, max-video-preview:-1\" \/>\n<link rel=\"canonical\" href=\"https:\/\/visitbuggiano.com\/de\/colle-di-buggiano\/\" \/>\n<meta property=\"og:locale\" content=\"de_DE\" \/>\n<meta property=\"og:type\" content=\"article\" \/>\n<meta property=\"og:title\" content=\"Colle di Buggiano - Visit Buggiano\" \/>\n<meta property=\"og:description\" content=\"Colle di Buggiano empf\u00e4ngt Sie auf seinem Platz, dem lebendigen Herzen der Gemeinde.Es ist von einemPanorama von H\u00fcgelnund sanften H\u00e4ngen mit Terrassen\" \/>\n<meta property=\"og:url\" content=\"https:\/\/visitbuggiano.com\/de\/colle-di-buggiano\/\" \/>\n<meta property=\"og:site_name\" content=\"Visit Buggiano\" \/>\n<meta property=\"article:publisher\" content=\"https:\/\/www.facebook.com\/visitbuggiano\" \/>\n<meta property=\"article:published_time\" content=\"2021-08-20T09:01:04+00:00\" \/>\n<meta property=\"article:modified_time\" content=\"2021-08-20T09:01:06+00:00\" \/>\n<meta property=\"og:image\" content=\"https:\/\/visitbuggiano.com\/wp-content\/uploads\/2021\/04\/colle-di-buggiano-al-tramonto_0017.jpg\" \/>\n\t<meta property=\"og:image:width\" content=\"2560\" \/>\n\t<meta property=\"og:image:height\" content=\"1438\" \/>\n\t<meta property=\"og:image:type\" content=\"image\/jpeg\" \/>\n<meta name=\"author\" content=\"VisitBuggiano\" \/>\n<meta name=\"twitter:card\" content=\"summary_large_image\" \/>\n<meta name=\"twitter:label1\" content=\"Verfasst von\" \/>\n\t<meta name=\"twitter:data1\" content=\"VisitBuggiano\" \/>\n\t<meta name=\"twitter:label2\" content=\"Gesch\u00e4tzte Lesezeit\" \/>\n\t<meta name=\"twitter:data2\" content=\"3\u00a0Minuten\" \/>\n<script type=\"application\/ld+json\" class=\"yoast-schema-graph\">{\"@context\":\"https:\/\/schema.org\",\"@graph\":[{\"@type\":\"Article\",\"@id\":\"https:\/\/visitbuggiano.com\/de\/colle-di-buggiano\/#article\",\"isPartOf\":{\"@id\":\"https:\/\/visitbuggiano.com\/de\/colle-di-buggiano\/\"},\"author\":{\"name\":\"VisitBuggiano\",\"@id\":\"https:\/\/visitbuggiano.com\/de\/#\/schema\/person\/7b167a9071be31bec52f8ce0f869349f\"},\"headline\":\"Colle di Buggiano\",\"datePublished\":\"2021-08-20T09:01:04+00:00\",\"dateModified\":\"2021-08-20T09:01:06+00:00\",\"mainEntityOfPage\":{\"@id\":\"https:\/\/visitbuggiano.com\/de\/colle-di-buggiano\/\"},\"wordCount\":710,\"commentCount\":0,\"publisher\":{\"@id\":\"https:\/\/visitbuggiano.com\/de\/#organization\"},\"image\":{\"@id\":\"https:\/\/visitbuggiano.com\/de\/colle-di-buggiano\/#primaryimage\"},\"thumbnailUrl\":\"https:\/\/visitbuggiano.com\/wp-content\/uploads\/2021\/04\/colle-di-buggiano-al-tramonto_0017.jpg\",\"keywords\":[\"Punti panoramici\"],\"articleSection\":[\"Ort Buggiano\"],\"inLanguage\":\"de\",\"potentialAction\":[{\"@type\":\"CommentAction\",\"name\":\"Comment\",\"target\":[\"https:\/\/visitbuggiano.com\/de\/colle-di-buggiano\/#respond\"]}]},{\"@type\":\"WebPage\",\"@id\":\"https:\/\/visitbuggiano.com\/de\/colle-di-buggiano\/\",\"url\":\"https:\/\/visitbuggiano.com\/de\/colle-di-buggiano\/\",\"name\":\"Colle di Buggiano - Visit Buggiano\",\"isPartOf\":{\"@id\":\"https:\/\/visitbuggiano.com\/de\/#website\"},\"primaryImageOfPage\":{\"@id\":\"https:\/\/visitbuggiano.com\/de\/colle-di-buggiano\/#primaryimage\"},\"image\":{\"@id\":\"https:\/\/visitbuggiano.com\/de\/colle-di-buggiano\/#primaryimage\"},\"thumbnailUrl\":\"https:\/\/visitbuggiano.com\/wp-content\/uploads\/2021\/04\/colle-di-buggiano-al-tramonto_0017.jpg\",\"datePublished\":\"2021-08-20T09:01:04+00:00\",\"dateModified\":\"2021-08-20T09:01:06+00:00\",\"description\":\"Colle di Buggiano empf\u00e4ngt Sie auf seinem Platz, dem lebendigen Herzen der Gemeinde.Es ist von einemPanorama von H\u00fcgelnund sanften H\u00e4ngen mit Terrassen\",\"breadcrumb\":{\"@id\":\"https:\/\/visitbuggiano.com\/de\/colle-di-buggiano\/#breadcrumb\"},\"inLanguage\":\"de\",\"potentialAction\":[{\"@type\":\"ReadAction\",\"target\":[\"https:\/\/visitbuggiano.com\/de\/colle-di-buggiano\/\"]}]},{\"@type\":\"ImageObject\",\"inLanguage\":\"de\",\"@id\":\"https:\/\/visitbuggiano.com\/de\/colle-di-buggiano\/#primaryimage\",\"url\":\"https:\/\/visitbuggiano.com\/wp-content\/uploads\/2021\/04\/colle-di-buggiano-al-tramonto_0017.jpg\",\"contentUrl\":\"https:\/\/visitbuggiano.com\/wp-content\/uploads\/2021\/04\/colle-di-buggiano-al-tramonto_0017.jpg\",\"width\":2560,\"height\":1438,\"caption\":\"colle di buggiano al tramonto\"},{\"@type\":\"BreadcrumbList\",\"@id\":\"https:\/\/visitbuggiano.com\/de\/colle-di-buggiano\/#breadcrumb\",\"itemListElement\":[{\"@type\":\"ListItem\",\"position\":1,\"name\":\"VisitBuggiano\",\"item\":\"https:\/\/visitbuggiano.com\/de\/\"},{\"@type\":\"ListItem\",\"position\":2,\"name\":\"Ort Buggiano\",\"item\":\"https:\/\/visitbuggiano.com\/de\/ort-buggiano\/\"},{\"@type\":\"ListItem\",\"position\":3,\"name\":\"Colle di Buggiano\"}]},{\"@type\":\"WebSite\",\"@id\":\"https:\/\/visitbuggiano.com\/de\/#website\",\"url\":\"https:\/\/visitbuggiano.com\/de\/\",\"name\":\"Visit Buggiano\",\"description\":\"a breath of Tuscany\",\"publisher\":{\"@id\":\"https:\/\/visitbuggiano.com\/de\/#organization\"},\"potentialAction\":[{\"@type\":\"SearchAction\",\"target\":{\"@type\":\"EntryPoint\",\"urlTemplate\":\"https:\/\/visitbuggiano.com\/de\/?s={search_term_string}\"},\"query-input\":{\"@type\":\"PropertyValueSpecification\",\"valueRequired\":true,\"valueName\":\"search_term_string\"}}],\"inLanguage\":\"de\"},{\"@type\":\"Organization\",\"@id\":\"https:\/\/visitbuggiano.com\/de\/#organization\",\"name\":\"Visit Buggiano\",\"url\":\"https:\/\/visitbuggiano.com\/de\/\",\"logo\":{\"@type\":\"ImageObject\",\"inLanguage\":\"de\",\"@id\":\"https:\/\/visitbuggiano.com\/de\/#\/schema\/logo\/image\/\",\"url\":\"https:\/\/visitbuggiano.com\/wp-content\/uploads\/2021\/08\/logo-visit-buggiano-colore-ok.svg\",\"contentUrl\":\"https:\/\/visitbuggiano.com\/wp-content\/uploads\/2021\/08\/logo-visit-buggiano-colore-ok.svg\",\"width\":1,\"height\":1,\"caption\":\"Visit Buggiano\"},\"image\":{\"@id\":\"https:\/\/visitbuggiano.com\/de\/#\/schema\/logo\/image\/\"},\"sameAs\":[\"https:\/\/www.facebook.com\/visitbuggiano\",\"https:\/\/www.instagram.com\/visitbuggiano\",\"https:\/\/www.youtube.com\/channel\/UChJGK-7VcUdVyA5yrx3UGsw\"]},{\"@type\":\"Person\",\"@id\":\"https:\/\/visitbuggiano.com\/de\/#\/schema\/person\/7b167a9071be31bec52f8ce0f869349f\",\"name\":\"VisitBuggiano\"}]}<\/script>\n<!-- \/ Yoast SEO plugin. -->","yoast_head_json":{"title":"Colle di Buggiano - Visit Buggiano","description":"Colle di Buggiano empf\u00e4ngt Sie auf seinem Platz, dem lebendigen Herzen der Gemeinde.Es ist von einemPanorama von H\u00fcgelnund sanften H\u00e4ngen mit Terrassen","robots":{"index":"index","follow":"follow","max-snippet":"max-snippet:-1","max-image-preview":"max-image-preview:large","max-video-preview":"max-video-preview:-1"},"canonical":"https:\/\/visitbuggiano.com\/de\/colle-di-buggiano\/","og_locale":"de_DE","og_type":"article","og_title":"Colle di Buggiano - Visit Buggiano","og_description":"Colle di Buggiano empf\u00e4ngt Sie auf seinem Platz, dem lebendigen Herzen der Gemeinde.Es ist von einemPanorama von H\u00fcgelnund sanften H\u00e4ngen mit Terrassen","og_url":"https:\/\/visitbuggiano.com\/de\/colle-di-buggiano\/","og_site_name":"Visit Buggiano","article_publisher":"https:\/\/www.facebook.com\/visitbuggiano","article_published_time":"2021-08-20T09:01:04+00:00","article_modified_time":"2021-08-20T09:01:06+00:00","og_image":[{"width":2560,"height":1438,"url":"https:\/\/visitbuggiano.com\/wp-content\/uploads\/2021\/04\/colle-di-buggiano-al-tramonto_0017.jpg","type":"image\/jpeg"}],"author":"VisitBuggiano","twitter_card":"summary_large_image","twitter_misc":{"Verfasst von":"VisitBuggiano","Gesch\u00e4tzte Lesezeit":"3\u00a0Minuten"},"schema":{"@context":"https:\/\/schema.org","@graph":[{"@type":"Article","@id":"https:\/\/visitbuggiano.com\/de\/colle-di-buggiano\/#article","isPartOf":{"@id":"https:\/\/visitbuggiano.com\/de\/colle-di-buggiano\/"},"author":{"name":"VisitBuggiano","@id":"https:\/\/visitbuggiano.com\/de\/#\/schema\/person\/7b167a9071be31bec52f8ce0f869349f"},"headline":"Colle di Buggiano","datePublished":"2021-08-20T09:01:04+00:00","dateModified":"2021-08-20T09:01:06+00:00","mainEntityOfPage":{"@id":"https:\/\/visitbuggiano.com\/de\/colle-di-buggiano\/"},"wordCount":710,"commentCount":0,"publisher":{"@id":"https:\/\/visitbuggiano.com\/de\/#organization"},"image":{"@id":"https:\/\/visitbuggiano.com\/de\/colle-di-buggiano\/#primaryimage"},"thumbnailUrl":"https:\/\/visitbuggiano.com\/wp-content\/uploads\/2021\/04\/colle-di-buggiano-al-tramonto_0017.jpg","keywords":["Punti panoramici"],"articleSection":["Ort Buggiano"],"inLanguage":"de","potentialAction":[{"@type":"CommentAction","name":"Comment","target":["https:\/\/visitbuggiano.com\/de\/colle-di-buggiano\/#respond"]}]},{"@type":"WebPage","@id":"https:\/\/visitbuggiano.com\/de\/colle-di-buggiano\/","url":"https:\/\/visitbuggiano.com\/de\/colle-di-buggiano\/","name":"Colle di Buggiano - Visit Buggiano","isPartOf":{"@id":"https:\/\/visitbuggiano.com\/de\/#website"},"primaryImageOfPage":{"@id":"https:\/\/visitbuggiano.com\/de\/colle-di-buggiano\/#primaryimage"},"image":{"@id":"https:\/\/visitbuggiano.com\/de\/colle-di-buggiano\/#primaryimage"},"thumbnailUrl":"https:\/\/visitbuggiano.com\/wp-content\/uploads\/2021\/04\/colle-di-buggiano-al-tramonto_0017.jpg","datePublished":"2021-08-20T09:01:04+00:00","dateModified":"2021-08-20T09:01:06+00:00","description":"Colle di Buggiano empf\u00e4ngt Sie auf seinem Platz, dem lebendigen Herzen der Gemeinde.Es ist von einemPanorama von H\u00fcgelnund sanften H\u00e4ngen mit Terrassen","breadcrumb":{"@id":"https:\/\/visitbuggiano.com\/de\/colle-di-buggiano\/#breadcrumb"},"inLanguage":"de","potentialAction":[{"@type":"ReadAction","target":["https:\/\/visitbuggiano.com\/de\/colle-di-buggiano\/"]}]},{"@type":"ImageObject","inLanguage":"de","@id":"https:\/\/visitbuggiano.com\/de\/colle-di-buggiano\/#primaryimage","url":"https:\/\/visitbuggiano.com\/wp-content\/uploads\/2021\/04\/colle-di-buggiano-al-tramonto_0017.jpg","contentUrl":"https:\/\/visitbuggiano.com\/wp-content\/uploads\/2021\/04\/colle-di-buggiano-al-tramonto_0017.jpg","width":2560,"height":1438,"caption":"colle di buggiano al tramonto"},{"@type":"BreadcrumbList","@id":"https:\/\/visitbuggiano.com\/de\/colle-di-buggiano\/#breadcrumb","itemListElement":[{"@type":"ListItem","position":1,"name":"VisitBuggiano","item":"https:\/\/visitbuggiano.com\/de\/"},{"@type":"ListItem","position":2,"name":"Ort Buggiano","item":"https:\/\/visitbuggiano.com\/de\/ort-buggiano\/"},{"@type":"ListItem","position":3,"name":"Colle di Buggiano"}]},{"@type":"WebSite","@id":"https:\/\/visitbuggiano.com\/de\/#website","url":"https:\/\/visitbuggiano.com\/de\/","name":"Visit Buggiano","description":"a breath of Tuscany","publisher":{"@id":"https:\/\/visitbuggiano.com\/de\/#organization"},"potentialAction":[{"@type":"SearchAction","target":{"@type":"EntryPoint","urlTemplate":"https:\/\/visitbuggiano.com\/de\/?s={search_term_string}"},"query-input":{"@type":"PropertyValueSpecification","valueRequired":true,"valueName":"search_term_string"}}],"inLanguage":"de"},{"@type":"Organization","@id":"https:\/\/visitbuggiano.com\/de\/#organization","name":"Visit Buggiano","url":"https:\/\/visitbuggiano.com\/de\/","logo":{"@type":"ImageObject","inLanguage":"de","@id":"https:\/\/visitbuggiano.com\/de\/#\/schema\/logo\/image\/","url":"https:\/\/visitbuggiano.com\/wp-content\/uploads\/2021\/08\/logo-visit-buggiano-colore-ok.svg","contentUrl":"https:\/\/visitbuggiano.com\/wp-content\/uploads\/2021\/08\/logo-visit-buggiano-colore-ok.svg","width":1,"height":1,"caption":"Visit Buggiano"},"image":{"@id":"https:\/\/visitbuggiano.com\/de\/#\/schema\/logo\/image\/"},"sameAs":["https:\/\/www.facebook.com\/visitbuggiano","https:\/\/www.instagram.com\/visitbuggiano","https:\/\/www.youtube.com\/channel\/UChJGK-7VcUdVyA5yrx3UGsw"]},{"@type":"Person","@id":"https:\/\/visitbuggiano.com\/de\/#\/schema\/person\/7b167a9071be31bec52f8ce0f869349f","name":"VisitBuggiano"}]}},"_links":{"self":[{"href":"https:\/\/visitbuggiano.com\/de\/wp-json\/wp\/v2\/posts\/7169","targetHints":{"allow":["GET"]}}],"collection":[{"href":"https:\/\/visitbuggiano.com\/de\/wp-json\/wp\/v2\/posts"}],"about":[{"href":"https:\/\/visitbuggiano.com\/de\/wp-json\/wp\/v2\/types\/post"}],"author":[{"embeddable":true,"href":"https:\/\/visitbuggiano.com\/de\/wp-json\/wp\/v2\/users\/3"}],"replies":[{"embeddable":true,"href":"https:\/\/visitbuggiano.com\/de\/wp-json\/wp\/v2\/comments?post=7169"}],"version-history":[{"count":0,"href":"https:\/\/visitbuggiano.com\/de\/wp-json\/wp\/v2\/posts\/7169\/revisions"}],"wp:featuredmedia":[{"embeddable":true,"href":"https:\/\/visitbuggiano.com\/de\/wp-json\/wp\/v2\/media\/6695"}],"wp:attachment":[{"href":"https:\/\/visitbuggiano.com\/de\/wp-json\/wp\/v2\/media?parent=7169"}],"wp:term":[{"taxonomy":"category","embeddable":true,"href":"https:\/\/visitbuggiano.com\/de\/wp-json\/wp\/v2\/categories?post=7169"},{"taxonomy":"post_tag","embeddable":true,"href":"https:\/\/visitbuggiano.com\/de\/wp-json\/wp\/v2\/tags?post=7169"}],"curies":[{"name":"wp","href":"https:\/\/api.w.org\/{rel}","templated":true}]}}